{"id":670,"date":"2025-09-07T08:14:56","date_gmt":"2025-09-07T06:14:56","guid":{"rendered":"https:\/\/empresaperiodistica.umh.es\/?p=670"},"modified":"2025-09-28T08:45:41","modified_gmt":"2025-09-28T06:45:41","slug":"el-negocio-mediatico-espanol-avanza-desigual-resultados-del-primer-semestre-2025","status":"publish","type":"post","link":"https:\/\/empresaperiodistica.umh.es\/en\/2025\/09\/07\/el-negocio-mediatico-espanol-avanza-desigual-resultados-del-primer-semestre-2025\/","title":{"rendered":"El negocio medi\u00e1tico espa\u00f1ol avanza desigual: resultados del primer semestre 2025"},"content":{"rendered":"<div class=\"postie-post\">\n<div dir=\"ltr\">\n<div>De cara a la segunda mitad del a\u00f1o es hora de hacer balance. En t\u00e9rminos generales, decir que Atresmedia y PRISA encabezan la facturaci\u00f3n, mientras que Unidad Editorial y Vocento consolidan el viraje digital. RTVE y Mediaset, aunque fuera del calendario cl\u00e1sico de resultados semestrales, dejan pistas de su situaci\u00f3n actual.<\/div>\n<div class=\"gmail_quote gmail_quote_container\">\n<div>\n<h4>Atresmedia y PRISA, al frente en ingresos<\/h4>\n<p>Con <strong>506,6 millones de euros en ingresos<\/strong>, Atresmedia lidera con comodidad el mercado audiovisual en el primer semestre de 2025. El grupo cerr\u00f3 con un <strong>beneficio neto de 63,8 millones<\/strong> (\u20137,6 % interanual) y un <strong>EBITDA de 85 millones<\/strong> (\u201316,7 %). La ca\u00edda en publicidad televisiva (\u20135,1 %) lastr\u00f3 el resultado. Sin embargo, se compens\u00f3 parcialmente con el buen rendimiento de Antena 3, l\u00edder en <em>prime time<\/em> e informativos, y con el crecimiento de la radio (+4,7 % en Onda Cero).<\/p>\n<p>Adem\u00e1s, Atresmedia impulsa su diversificaci\u00f3n con la compra del <strong>75 % de la compa\u00f1\u00eda de eventos Last Lap<\/strong> por 17,25 millones de euros. Esta operaci\u00f3n aportar\u00e1 previsiblemente m\u00e1s de 50 millones anuales en facturaci\u00f3n. Con ello, el grupo refuerza su estrategia de expansi\u00f3n m\u00e1s all\u00e1 de la televisi\u00f3n, combinando liderazgo en audiencia con nuevas fuentes de ingresos.<\/p>\n<p>En segundo lugar, <strong>PRISA ingres\u00f3 406 millones de euros<\/strong> en el primer semestre de 2025, un <strong>6 % m\u00e1s<\/strong> a tipo de cambio constante y excluyendo efectos extraordinarios. El <strong>EBITDA alcanz\u00f3 los 51 millones<\/strong> (+9 %), impulsado por el buen momento de <strong>Santillana<\/strong> (+11 % en ingresos, +22 % en EBITDA) y por el crecimiento de <strong>EL PA\u00cdS<\/strong>, que ya suma unos <strong>426.000 suscriptores digitales<\/strong> (+13 % interanual).<\/p>\n<p>La compa\u00f1\u00eda cerr\u00f3, no obstante, con unas <strong>p\u00e9rdidas netas de \u201328 millones<\/strong>, ligeramente superiores a las del mismo periodo de 2024 (\u201324 millones). Su <strong>ratio de endeudamiento<\/strong> sigue siendo elevada, en <strong>4,26 veces EBITDA<\/strong>, con una deuda neta de 777 millones. La <strong>refinanciaci\u00f3n de la deuda hasta 2029<\/strong>, firmada en mayo, y la mejora del flujo de caja libre (+31 %) aportan cierta estabilidad financiera a medio plazo.<\/p>\n<h4>Vocento y Unidad Editorial refuerzan su base digital<\/h4>\n<p>Los primeros seis meses del a\u00f1o, el grupo <strong>Vocento<\/strong> alcanz\u00f3 unos ingresos de <strong>159,9 M\u20ac.<\/strong> Esto implica un descenso del <strong>1,8 %<\/strong> frente a 2024, aunque con un crecimiento del <strong>3 %<\/strong> si se excluyen los ingresos extraordinarios del a\u00f1o anterior. Este avance se apoya en el buen rendimiento publicitario (+3,9 %) y en el aumento de los <strong>suscriptores digitales<\/strong>, que alcanzan ya los <strong>164 000<\/strong> (+12 %).<\/p>\n<p><strong>\u201cEl balance refleja el avance firme de nuestra hoja de ruta, centrada en la eficiencia operativa, la diversificaci\u00f3n y el crecimiento digital\u201d, <\/strong>destac\u00f3 el consejero delegado, Manuel Mirat.<\/p>\n<p>En diversificaci\u00f3n, los negocios aportaron <strong>32 M\u20ac<\/strong> (+10 %). Los <strong>Clasificados<\/strong> crecieron un <strong>28,9 %<\/strong> en ingresos y un <strong>20,8 %<\/strong> en EBITDA. Mientras tanto, el \u00e1rea de <strong>Gastronom\u00eda<\/strong> mejor\u00f3 un <strong>10,4 %<\/strong> en facturaci\u00f3n y un <strong>15,5 %<\/strong> en resultado operativo.<\/p>\n<p>En t\u00e9rminos financieros, el <strong>EBITDA reportado<\/strong> se situ\u00f3 en <strong>\u20131,0 M\u20ac<\/strong>, aunque ajustado por indemnizaciones alcanz\u00f3 <strong>4,5 M\u20ac<\/strong>. El grupo cerr\u00f3 el semestre con un <strong>beneficio neto de 6,4 M\u20ac<\/strong>, frente a p\u00e9rdidas de \u201313,5 M\u20ac un a\u00f1o antes, y redujo su <strong>deuda financiera neta un 36 %<\/strong>, hasta los <strong>27,4 M\u20ac<\/strong>.<\/p>\n<h4><strong>Unidad Editorial. <\/strong><\/h4>\n<p>El grupo consolida su posici\u00f3n como l\u00edder de la prensa diaria en Espa\u00f1a con 1,6 millones de lectores. La\u00a0filial espa\u00f1ola de RCS, cerr\u00f3 con <strong>103,6 millones de ingresos<\/strong> y un EBITDA de <strong>17,4 millones<\/strong>, pr\u00e1cticamente en l\u00ednea con 2024 (17,1 millones de EBITDA y 105,6 millones de ingresos). Su gran fortaleza est\u00e1 en el <strong>crecimiento digital<\/strong>. MARCA, con 68 millones de usuarios \u00fanicos, y EL MUNDO, con 37 millones, son l\u00edderes absolutos de audiencia. En suscripciones, las cabeceras superan las <strong>290.000<\/strong> (170.000 en EL MUNDO y 120.000 en EXPANSI\u00d3N). Adem\u00e1s, el negocio digital representa el <em><strong>41,1% de los ingresos totales<\/strong><\/em>. Esto confirma la progresiva transformaci\u00f3n del modelo econ\u00f3mico hacia soportes digitales. Hay un peso creciente de las suscripciones y de la publicidad online.<\/p>\n<h4>RTVE y Mediaset: se\u00f1ales desde los m\u00e1rgenes<\/h4>\n<p>RTVE, como corporaci\u00f3n p\u00fablica, no presenta resultados semestrales en los mismos t\u00e9rminos que los grupos privados. Sin embargo, ofrece informaci\u00f3n a trav\u00e9s de sus memorias anuales, cuentas consolidadas y comparecencias parlamentarias. En marzo de 2025, su presidente Jos\u00e9 Pablo L\u00f3pez anunci\u00f3 que la corporaci\u00f3n iniciaba el a\u00f1o en <strong>equilibrio presupuestario<\/strong>, tras las p\u00e9rdidas registradas en el ejercicio anterior. Al cierre del primer cuatrimestre, RTVE comunic\u00f3 un <strong>super\u00e1vit operativo<\/strong> y un incremento del <strong>33,7 % en ingresos comerciales<\/strong>. Esto fue acompa\u00f1ado de reducciones de costes de emisi\u00f3n e indirectos.<\/p>\n<p>En paralelo, la corporaci\u00f3n avanza en su transformaci\u00f3n digital. <strong>RTVE Play<\/strong> super\u00f3 los <strong>9,1 millones de usuarios registrados<\/strong> en junio de 2024. A\u00f1adi\u00f3 <strong>1,1 millones de nuevas altas en julio<\/strong>, alcanzando los <strong>10,2 millones en total<\/strong>. Ese mismo mes, la plataforma registr\u00f3 un r\u00e9cord de <strong>18,7 millones de visitantes \u00fanicos<\/strong>, consolid\u00e1ndose como un actor relevante en el ecosistema audiovisual en abierto. Con un modelo gratuito, RTVE refuerza su visibilidad frente a las plataformas de pago, extendiendo la huella digital de sus contenidos p\u00fablicos.<\/p>\n<p><strong>Mediaset Espa\u00f1a: sin resultados semestrales, pero con se\u00f1ales de alerta<\/strong><br \/>A diferencia de otros grupos, Mediaset Espa\u00f1a a\u00fan no ha presentado resultados del primer semestre de 2025. Sin embargo, su informe del primer trimestre ya anticipaba un ejercicio complejo: ingresos de 163,3 millones de euros y un EBITDA de 16,5 millones, un 40% menos que en el mismo periodo de 2024. La compa\u00f1\u00eda arrastra ca\u00eddas en la inversi\u00f3n publicitaria. Adem\u00e1s, enfrenta un retroceso en audiencia frente a Atresmedia. Con Antena 3 y laSexta como puntas de lanza, esto refuerza su p\u00e9rdida de peso en el mercado televisivo espa\u00f1ol.<\/p>\n<h4>Ingresos (enero\u2013junio 2025)<\/h4>\n<ol>\n<li>Atresmedia \u2013 506,6 M\u20ac<\/li>\n<li>PRISA \u2013 406 M\u20ac<\/li>\n<li>Vocento \u2013 159,9 M\u20ac<\/li>\n<li>Mediaset Espa\u00f1a \u2013 <span>163,3 M\u20ac (1T); estimaci\u00f3n para 6M: ~326 M\u20ac<\/span> <\/li>\n<li>Unidad Editorial \u2013 103,6 M\u20ac<\/li>\n<\/ol>\n<h4>Suscriptores digitales<\/h4>\n<ol>\n<li>PRISA \/ EL PA\u00cdS \u2013 426.000 (+13%)<\/li>\n<li>Unidad Editorial \u2013 290.000<\/li>\n<li>Vocento \u2013 164.000<\/li>\n<li>RTVE Play \u2013 <span>9,1 M registrados (modelo gratuito)<\/span> <\/li>\n<li>Mediaset \/ Mitele \u2013 sin datos disponibles<\/li>\n<\/ol>\n<h4>Audiencias digitales<\/h4>\n<ol>\n<li>El Espa\u00f1ol \u2013 <span>19,45 M<\/span> <\/li>\n<li>20 Minutos \u2013 <span>18,93 M<\/span> <\/li>\n<li>El Mundo (Unidad Editorial) \u2013 <span>18,03 M<\/span> <\/li>\n<li>AS (PRISA) \u2013 <span>16,51 M<\/span> <\/li>\n<li>The Huffington Post (PRISA) \u2013 <span>16,18 M<\/span> <\/li>\n<li>Diario ABC (Vocento) \u2013 <span>15,96 M<\/span> <\/li>\n<li>OKdiario \u2013 <span>15,07 M<\/span> <\/li>\n<li>El Pa\u00eds (PRISA) \u2013 <span>14,98 M<\/span> <\/li>\n<\/ol>\n<h4>Un sector en transici\u00f3n<\/h4>\n<p>El mapa del semestre deja una fotograf\u00eda clara. Por un lado, la rentabilidad sigue concentrada en los grupos con gran escala audiovisual (<strong>Atresmedia y Mediaset)<\/strong>, mientras que, por el otro el crecimiento digital y las suscripciones consolidan a los grupos de prensa (<strong>PRISA, Vocento, Unidad Editorial<\/strong>).<\/p>\n<p>Adem\u00e1s, RTVE, con financiaci\u00f3n p\u00fablica, mantiene estabilidad y acelera en plataformas digitales.<\/p>\n<p>De cara al futuro, el resto del a\u00f1o pondr\u00e1 a prueba la capacidad de adaptaci\u00f3n de todos estos gigantes, especialmente en un contexto marcado por la ca\u00edda publicitaria y la presi\u00f3n de las plataformas internacionales de streaming y redes sociales.<\/p>\n<p><strong>Informaci\u00f3n relacionada<\/strong><\/p>\n<p><span><a href=\"https:\/\/urldefense.com\/v3\/__https:\/\/diario.infoperiodistas.info\/prisa-ha-presentado-resultados-mixtos-en-el-primer-semestre-de-2025\/__;!!D9dNQwwGXtA!Ro-m9zdRz-Hem0ve1x6g1phCfp84TBpoUJf3PdKDgiyTh6XggHVDqGYSM54hFVKJQp-4V-Iqr8w5JF2A$\" target=\"_blank\" rel=\"noopener\">PRISA ha presentado\u00a0resultados mixtos en el primer semestre de 2025<\/a><\/span><\/p>\n<p><span><a href=\"https:\/\/urldefense.com\/v3\/__https:\/\/diario.infoperiodistas.info\/unidad-editorial-eleva-ebitda-y-refuerza-liderazgo-digital-en-el-primer-semestre\/__;!!D9dNQwwGXtA!Ro-m9zdRz-Hem0ve1x6g1phCfp84TBpoUJf3PdKDgiyTh6XggHVDqGYSM54hFVKJQp-4V-Iqr25pZI-o$\" target=\"_blank\" rel=\"noopener\">Unidad Editorial eleva EBITDA y refuerza liderazgo digital en el primer semestre<\/a><\/span><\/p>\n<p><span><a href=\"https:\/\/urldefense.com\/v3\/__https:\/\/diario.infoperiodistas.info\/vocento-anuncia-buenos-resultados-y-acelera-su-transformacion\/__;!!D9dNQwwGXtA!Ro-m9zdRz-Hem0ve1x6g1phCfp84TBpoUJf3PdKDgiyTh6XggHVDqGYSM54hFVKJQp-4V-IqrxOHVKFn$\" target=\"_blank\" rel=\"noopener\">Vocento anuncia buenos resultados y acelera su transformaci\u00f3n<\/a><\/span><\/p>\n<p><span><a href=\"https:\/\/urldefense.com\/v3\/__https:\/\/diario.infoperiodistas.info\/atresmedia-logra-ingresos-netos-de-mas-de-506-millones-de-euros\/__;!!D9dNQwwGXtA!Ro-m9zdRz-Hem0ve1x6g1phCfp84TBpoUJf3PdKDgiyTh6XggHVDqGYSM54hFVKJQp-4V-IqrzeridSD$\" target=\"_blank\" rel=\"noopener\">Atresmedia logra Ingresos Netos de m\u00e1s de 506 millones de euros<\/a><\/span><\/p>\n<p><span><a href=\"https:\/\/urldefense.com\/v3\/__https:\/\/diario.infoperiodistas.info\/rtve-cierra-con-superavit-el-primer-cuatrimestre-de-2025\/__;!!D9dNQwwGXtA!Ro-m9zdRz-Hem0ve1x6g1phCfp84TBpoUJf3PdKDgiyTh6XggHVDqGYSM54hFVKJQp-4V-Iqr_Wg9zhA$\" target=\"_blank\" rel=\"noopener\">RTVE cierra con super\u00e1vit el primer cuatrimestre de 202<\/a><\/span><\/p>\n<\/div>\n<p> via INFOPERIODISTAS <a href=\"https:\/\/urldefense.com\/v3\/__https:\/\/ift.tt\/HPqFUNX__;!!D9dNQwwGXtA!Ro-m9zdRz-Hem0ve1x6g1phCfp84TBpoUJf3PdKDgiyTh6XggHVDqGYSM54hFVKJQp-4V-Iqr4h1NdYO$\" target=\"_blank\" rel=\"noopener\">https:\/\/ift.tt\/HPqFUNX<\/a><\/p>\n<p><\/div>\n<\/div>\n<div class=\"postie-attachments\"><a href=\"https:\/\/empresaperiodistica.umh.es\/?attachment_id=673\"><img loading=\"lazy\" src=\"https:\/\/empresaperiodistica.umh.es\/files\/2025\/09\/Los-medios-en-Espana-luces-y-sombras-en-el-primer-semestre-de-2025-2-300x197.jpg\" alt=\"\" width=\"300px\" height=\"197px\" class=\"alignnone size-medium wp-image-673\" srcset=\"https:\/\/empresaperiodistica.umh.es\/files\/2025\/09\/Los-medios-en-Espana-luces-y-sombras-en-el-primer-semestre-de-2025-2-300x197.jpg 300w, https:\/\/empresaperiodistica.umh.es\/files\/2025\/09\/Los-medios-en-Espana-luces-y-sombras-en-el-primer-semestre-de-2025-2-1024x673.jpg 1024w, https:\/\/empresaperiodistica.umh.es\/files\/2025\/09\/Los-medios-en-Espana-luces-y-sombras-en-el-primer-semestre-de-2025-2-768x505.jpg 768w, https:\/\/empresaperiodistica.umh.es\/files\/2025\/09\/Los-medios-en-Espana-luces-y-sombras-en-el-primer-semestre-de-2025-2.jpg 1217w\" sizes=\"(max-width: 300px) 100vw, 300px\" \/><\/a><\/div>\n<\/div>\n","protected":false},"excerpt":{"rendered":"<p>De cara a la segunda mitad del a\u00f1o es hora de hacer balance. En t\u00e9rminos generales, decir que Atresmedia y PRISA encabezan la facturaci\u00f3n, mientras que Unidad Editorial y Vocento consolidan el viraje digital. RTVE y Mediaset, aunque fuera del calendario cl\u00e1sico de resultados semestrales, dejan pistas de su situaci\u00f3n actual.<\/p>\n<p>Atresmedia y PRISA, al frente [&#8230;]<\/p>\n","protected":false},"author":1,"featured_media":0,"comment_status":"closed","ping_status":"open","sticky":false,"template":"","format":"standard","meta":{"_links_to":"","_links_to_target":""},"categories":[1393805,585,1393463],"tags":[1393217],"_links":{"self":[{"href":"https:\/\/empresaperiodistica.umh.es\/en\/wp-json\/wp\/v2\/posts\/670"}],"collection":[{"href":"https:\/\/empresaperiodistica.umh.es\/en\/wp-json\/wp\/v2\/posts"}],"about":[{"href":"https:\/\/empresaperiodistica.umh.es\/en\/wp-json\/wp\/v2\/types\/post"}],"author":[{"embeddable":true,"href":"https:\/\/empresaperiodistica.umh.es\/en\/wp-json\/wp\/v2\/users\/1"}],"replies":[{"embeddable":true,"href":"https:\/\/empresaperiodistica.umh.es\/en\/wp-json\/wp\/v2\/comments?post=670"}],"version-history":[{"count":0,"href":"https:\/\/empresaperiodistica.umh.es\/en\/wp-json\/wp\/v2\/posts\/670\/revisions"}],"wp:attachment":[{"href":"https:\/\/empresaperiodistica.umh.es\/en\/wp-json\/wp\/v2\/media?parent=670"}],"wp:term":[{"taxonomy":"category","embeddable":true,"href":"https:\/\/empresaperiodistica.umh.es\/en\/wp-json\/wp\/v2\/categories?post=670"},{"taxonomy":"post_tag","embeddable":true,"href":"https:\/\/empresaperiodistica.umh.es\/en\/wp-json\/wp\/v2\/tags?post=670"}],"curies":[{"name":"wp","href":"https:\/\/api.w.org\/{rel}","templated":true}]}}