{"id":679,"date":"2025-09-25T03:10:35","date_gmt":"2025-09-25T01:10:35","guid":{"rendered":"https:\/\/empresaperiodistica.umh.es\/?p=679"},"modified":"2025-09-28T08:44:31","modified_gmt":"2025-09-28T06:44:31","slug":"la-familia-murdoch-se-involucra-en-la-compra-de-tiktok","status":"publish","type":"post","link":"https:\/\/empresaperiodistica.umh.es\/en\/2025\/09\/25\/la-familia-murdoch-se-involucra-en-la-compra-de-tiktok\/","title":{"rendered":"La familia Murdoch se involucra en la compra de TikTok"},"content":{"rendered":"<div class=\"postie-post\">\n<div dir=\"auto\"><\/div>\n<div>\n<div class=\"gmail_quote gmail_quote_container\" dir=\"auto\"> <img loading=\"lazy\" width=\"650\" alt=\"Tiktok\" src=\"https:\/\/dircomfidencial.com\/wp-content\/uploads\/2024\/09\/Tiktok.jpg\" height=\"365\" style=\"max-width: 100%;\"><\/p>\n<p><strong>Donald Trump<\/strong>\u00a0ha revelado que, entre los inversores que ha enrolado en una acci\u00f3n conjunta para adquirir las operaciones de TikTok en EEUU, est\u00e1 la familia Murdoch. El presidente lo ha contado precisamente en una entrevista concedida a <em>Fox News,<\/em> el basti\u00f3n hist\u00f3rico de esa saga que ahora gestiona\u00a0<strong>Lachlan Murdoch<\/strong>.<\/p>\n<p>Seg\u00fan lo que publicado por <em>Axios<\/em>, Trump planea firmar una orden ejecutiva en los pr\u00f3ximos d\u00edas para aprobar el acuerdo que plantea, que en principio contar\u00eda con el benepl\u00e1cito del Gobierno chino.<\/p>\n<p>Lo previsto es que ByteDance cree\u00a0<strong>un duplicado del algoritmo de TikTok que despu\u00e9s ser\u00eda alquilado por un grupo de inversores<\/strong>\u00a0liderado por los fondos de capital riesgo Andreessen Horowitz y Silver Lake, con Oracle como gran socio tecnol\u00f3gico.<\/p>\n<p>Esta \u00faltima compa\u00f1\u00eda se encargar\u00eda de reentrenar ese algoritmo y de proteger los datos de los m\u00e1s de 150 millones de usuarios que la plataforma tiene en EEUU, sin que tengan que descargar una aplicaci\u00f3n diferente a la que ya tienen. Esa estrategia permitir\u00eda salvar la legislaci\u00f3n vigente para garantizar la supervivencia de TikTok en EEUU,\u00a0<strong>si bien una lectura estricta del articulado sobre el algoritmo podr\u00eda generar debate legal<\/strong>.<\/p>\n<p>La familia Murdoch tendr\u00eda una implicaci\u00f3n financiera en esta operaci\u00f3n que de momento no se ha concretado, al igual que el empresario tecnol\u00f3gico\u00a0<strong>Michael Dell<\/strong>. Y dada la complejidad de la estructura, Trump ha extendido de nuevo el plazo para cerrar los detalles y\u00a0<strong>ha desplazado el nuevo l\u00edmite temporal hasta el 16 de diciembre<\/strong>.<\/p>\n<blockquote>\n<p>Los propietarios de Fox News est\u00e1n en el grupo de inversores que va a alquilar a ByteDance una copia del algoritmo, seg\u00fan ha confirmado Trump.<\/p>\n<\/blockquote>\n<p>Una de las claves del plan es la composici\u00f3n final del accionariado y su representaci\u00f3n en el consejo de administraci\u00f3n. Lo esperado es que en \u00e9l coincidan inversores actuales de ByteDance y los nuevos propietarios mencionados,\u00a0<strong>con presencia de un representante de la actual matriz<\/strong>.<\/p>\n<p>Sin embargo, los detalles a\u00fan no est\u00e1n claros para algunos de esos accionistas actuales, <strong>y en general no hay confirmaciones de ninguno de los implicados<\/strong>. Lo que ha trascendido es que el Gobierno chino habr\u00eda dado su pl\u00e1cet para esta soluci\u00f3n durante un encuentro bilateral celebrado la semana pasada en Madrid.<\/p>\n<p><strong>Desde hace meses, anunciantes y usuarios de TikTok en EEUU dan por hecho su continuidad<\/strong>, de ah\u00ed que los primeros\u00a0<a href=\"https:\/\/urldefense.com\/v3\/__https:\/\/dircomfidencial.com\/marketing-digital\/los-anunciantes-dan-por-hecho-que-tiktok-seguira-en-eeuu-e-incrementan-su-inversion-20250630-0401\/__;!!D9dNQwwGXtA!WBAymDlcqvcX2jsGQlyEfuiip4kbc6a47Dkl-Wr8yfEwaLFqU3lCaJhMZZxmtr85N_KKjd9B80-LA4U9$\" target=\"_blank\" rel=\"noopener\">hayan aumentado su inversi\u00f3n<\/a>\u00a0y los segundos mantengan su elevada actividad. Al otro lado del Oc\u00e9ano Pac\u00edfico la plataforma est\u00e1 igualmente bajo escrutinio por sus v\u00ednculos con el Gobierno chino y de hecho en mayo fue multada\u00a0<a href=\"https:\/\/urldefense.com\/v3\/__https:\/\/dircomfidencial.com\/marketing\/irlanda-multa-a-tiktok-con-530-millones-de-euros-por-no-impedir-que-el-gobierno-chino-acceda-a-datos-de-europeos-20250506-0400\/__;!!D9dNQwwGXtA!WBAymDlcqvcX2jsGQlyEfuiip4kbc6a47Dkl-Wr8yfEwaLFqU3lCaJhMZZxmtr85N_KKjd9B88aBJrzE$\" target=\"_blank\" rel=\"noopener\">con 530 millones de euros<\/a>\u00a0por no impedir su acceso a los datos de europeos.<\/p>\n<p> Empresa Ptca<\/p>\n<p> via Dircomfidencial <a href=\"https:\/\/urldefense.com\/v3\/__https:\/\/ift.tt\/5i4thRM__;!!D9dNQwwGXtA!WBAymDlcqvcX2jsGQlyEfuiip4kbc6a47Dkl-Wr8yfEwaLFqU3lCaJhMZZxmtr85N_KKjd9B81r-cS_y$\" target=\"_blank\" rel=\"noopener\">https:\/\/ift.tt\/5i4thRM<\/a><\/p>\n<p> September 23, 2025 at 01:11PM <\/p><\/div>\n<\/div>\n<div class=\"postie-attachments\"><a href=\"https:\/\/empresaperiodistica.umh.es\/?attachment_id=682\"><img loading=\"lazy\" src=\"https:\/\/empresaperiodistica.umh.es\/files\/2025\/09\/tiktok-300x168.jpg\" alt=\"\" width=\"300px\" height=\"168px\" class=\"alignnone size-medium wp-image-682\" srcset=\"https:\/\/empresaperiodistica.umh.es\/files\/2025\/09\/tiktok-300x168.jpg 300w, https:\/\/empresaperiodistica.umh.es\/files\/2025\/09\/tiktok.jpg 650w\" sizes=\"(max-width: 300px) 100vw, 300px\" \/><\/a><\/div>\n<\/div>\n","protected":false},"excerpt":{"rendered":"<p>Donald Trump\u00a0ha revelado que, entre los inversores que ha enrolado en una acci\u00f3n conjunta para adquirir las operaciones de TikTok en EEUU, est\u00e1 la familia Murdoch. El presidente lo ha contado precisamente en una entrevista concedida a Fox News, el basti\u00f3n hist\u00f3rico de esa saga que ahora gestiona\u00a0Lachlan Murdoch.<br \/>\nSeg\u00fan lo que publicado por Axios, [&#8230;]<\/p>\n","protected":false},"author":1,"featured_media":0,"comment_status":"closed","ping_status":"open","sticky":false,"template":"","format":"standard","meta":{"_links_to":"","_links_to_target":""},"categories":[3372,1393805,1393463],"tags":[1393217],"_links":{"self":[{"href":"https:\/\/empresaperiodistica.umh.es\/en\/wp-json\/wp\/v2\/posts\/679"}],"collection":[{"href":"https:\/\/empresaperiodistica.umh.es\/en\/wp-json\/wp\/v2\/posts"}],"about":[{"href":"https:\/\/empresaperiodistica.umh.es\/en\/wp-json\/wp\/v2\/types\/post"}],"author":[{"embeddable":true,"href":"https:\/\/empresaperiodistica.umh.es\/en\/wp-json\/wp\/v2\/users\/1"}],"replies":[{"embeddable":true,"href":"https:\/\/empresaperiodistica.umh.es\/en\/wp-json\/wp\/v2\/comments?post=679"}],"version-history":[{"count":0,"href":"https:\/\/empresaperiodistica.umh.es\/en\/wp-json\/wp\/v2\/posts\/679\/revisions"}],"wp:attachment":[{"href":"https:\/\/empresaperiodistica.umh.es\/en\/wp-json\/wp\/v2\/media?parent=679"}],"wp:term":[{"taxonomy":"category","embeddable":true,"href":"https:\/\/empresaperiodistica.umh.es\/en\/wp-json\/wp\/v2\/categories?post=679"},{"taxonomy":"post_tag","embeddable":true,"href":"https:\/\/empresaperiodistica.umh.es\/en\/wp-json\/wp\/v2\/tags?post=679"}],"curies":[{"name":"wp","href":"https:\/\/api.w.org\/{rel}","templated":true}]}}