{"id":736,"date":"2025-11-02T21:56:16","date_gmt":"2025-11-02T20:56:16","guid":{"rendered":"https:\/\/empresaperiodistica.umh.es\/?p=736"},"modified":"2025-11-02T22:12:48","modified_gmt":"2025-11-02T21:12:48","slug":"paramount-skydance-prepara-despidos-masivos-mientras-intenta-hacerse-con-warner-bros-discovery","status":"publish","type":"post","link":"https:\/\/empresaperiodistica.umh.es\/en\/2025\/11\/02\/paramount-skydance-prepara-despidos-masivos-mientras-intenta-hacerse-con-warner-bros-discovery\/","title":{"rendered":"Paramount Skydance prepara despidos masivos mientras intenta hacerse con Warner Bros. Discovery"},"content":{"rendered":"<div class=\"postie-post\">\n<div dir=\"ltr\">\n<div><br clear=\"all\"><\/div>\n<div>\n<div dir=\"ltr\" class=\"gmail_signature\" data-smartmail=\"gmail_signature\">\n<div dir=\"ltr\">\n<div dir=\"ltr\">\n<div dir=\"ltr\">\n<div dir=\"ltr\">\n<div dir=\"ltr\">\n<div dir=\"ltr\">\n<div dir=\"ltr\">\n<div dir=\"ltr\">\n<div dir=\"ltr\">\n<div dir=\"ltr\">\n<div dir=\"ltr\" style=\"color:rgb(34,34,34)\">\n<div dir=\"ltr\" style=\"color:rgb(0,0,0);line-height:24px\"><\/div>\n<\/div>\n<\/div>\n<\/div>\n<\/div>\n<\/div>\n<\/div>\n<\/div>\n<\/div>\n<\/div>\n<\/div>\n<\/div>\n<\/div>\n<\/div>\n<div class=\"gmail_quote gmail_quote_container\"> <img loading=\"lazy\" width=\"650\" alt=\"Paramount Skydance\" src=\"https:\/\/dircomfidencial.com\/wp-content\/uploads\/2025\/10\/Paramount-Skydance.jpg\" height=\"365\" style=\"max-width:100%\"><\/p>\n<p>En torno a 1.000 trabajadores de Paramount Skydance perder\u00e1n su empleo durante esta semana, seg\u00fan ha podido saber <em>Variety<\/em>. Y esa reducci\u00f3n de plantilla no es la \u00fanica prevista, ya que est\u00e1 pendiente una nueva ronda de despidos que elevar\u00eda el impacto\u00a0<strong>hasta unos 2.000 empleos solo en EEUU<\/strong>.<\/p>\n<p>Estos movimientos eran esperados en la medida en que la compra de Paramount por parte de Skydance en agosto ven\u00eda acompa\u00f1ada del\u00a0<strong>objetivo de recortar alrededor de 2.000 millones de d\u00f3lares en costes<\/strong>. Poco despu\u00e9s de que se cerrara la operaci\u00f3n, su presidente, <strong>Jeff Shell,<\/strong>\u00a0confirmaba la intenci\u00f3n de ajustar costes lo m\u00e1s r\u00e1pido posible para que figuraran en la entrega de resultados del tercer trimestre.<\/p>\n<p>El adelgazamiento del pasivo laboral de la nueva compa\u00f1\u00eda coincide con sus tentativas de hacerse con Warner Bros. Discovery (WBD), que hace pocos d\u00edas ha confirmado que\u00a0<a href=\"https:\/\/urldefense.com\/v3\/__https:\/\/dircomfidencial.com\/medios\/warner-bros-discovery-se-abre-a-una-venta-tras-recibir-varias-ofertas-no-solicitadas-20251021-2300\/__;!!D9dNQwwGXtA!QxsBsrGBXJDwosMcNmGH7_3pqj1iWo-w8UUMHjXtp_7SDVVeBENjQbAxZAmPQZh3hWlSaw76NUK7S0ZE$\" target=\"_blank\" rel=\"noopener\">evaluar\u00e1 las ofertas de compra<\/a>\u00a0que tiene sobre la mesa. Seg\u00fan han publicado medios especializados, Paramount Skydance ha ofrecido hasta tres cantidades por su rival\u00a0<strong>y la \u00faltima de ellas ronda los 60.000 millones de d\u00f3lares<\/strong>.<\/p>\n<p>Hasta la fecha WBD ha rechazado todas ellas a la espera de que el inter\u00e9s de otros postores pueda elevar la eventual cifra final.\u00a0<strong>Entre ellos se rumorea el inter\u00e9s de Apple, Amazon y Netflix, y parcialmente el de Comcast<\/strong>, pero de momento no hay confirmaci\u00f3n de que se haya sustanciado en una oferta concreta.<\/p>\n<blockquote>\n<p>La nueva compa\u00f1\u00eda aspira a reducir plantilla en unos 2.000 efectivos solo en EEUU y a la vez ha ofrecido 60.000 millones de d\u00f3lares por su rival hist\u00f3rico.<\/p>\n<\/blockquote>\n<p>La posible consolidaci\u00f3n de ambos estudios hist\u00f3ricos en una sola empresa ya cuenta con la oposici\u00f3n del sindicato de guionistas de Hollywood (WGA) por la reducci\u00f3n de competencia que supondr\u00eda. Tanto Paramount como Warner Bros. han venido padeciendo\u00a0<a href=\"https:\/\/urldefense.com\/v3\/__https:\/\/dircomfidencial.com\/medios\/el-streaming-supera-por-primera-vez-en-eeuu-al-consumo-combinado-de-tv-en-linea-y-por-cable-20250618-1326\/__;!!D9dNQwwGXtA!QxsBsrGBXJDwosMcNmGH7_3pqj1iWo-w8UUMHjXtp_7SDVVeBENjQbAxZAmPQZh3hWlSaw76Ne6z5xOZ$\" target=\"_blank\" rel=\"noopener\">el retroceso del consumo<\/a>\u00a0de la televisi\u00f3n tradicional, tanto lineal como por cable,\u00a0<strong>y la ca\u00edda abrupta de ingresos que conlleva por cuotas de abonados y explotaci\u00f3n publicitaria<\/strong>.<\/p>\n<p>Sin embargo, <strong>David Ellison<\/strong>, fundador de Skydance Media e hijo del multimillonario tecnol\u00f3gico\u00a0<strong>Larry Ellison<\/strong>, ha impulsado\u00a0<strong>un plan agresivo para reavivar el inter\u00e9s de sus nuevas propiedades televisivas<\/strong>. Entre sus medidas figuran la compra de los derechos del cada vez m\u00e1s popular torneo de artes marciales mixtas Ultimate Fighting Championship por 7.000 millones de d\u00f3lares para los pr\u00f3ximos siete a\u00f1os.<\/p>\n<p>Adem\u00e1s ha adquirido The Free Press, el medio creado por\u00a0<a href=\"https:\/\/urldefense.com\/v3\/__https:\/\/dircomfidencial.com\/medios\/nueva-dimision-en-el-area-de-opinion-de-the-new-york-times-twitter-se-ha-convertido-en-su-editor-esencial-20200716-0402\/__;!!D9dNQwwGXtA!QxsBsrGBXJDwosMcNmGH7_3pqj1iWo-w8UUMHjXtp_7SDVVeBENjQbAxZAmPQZh3hWlSaw76NZmIIoiR$\" target=\"_blank\" rel=\"noopener\">la periodista<\/a>\u00a0<strong>Bari Weiss<\/strong>\u00a0a partir de un bolet\u00edn, por 150 millones. Como parte del trato la ha nombrado directora de CBS News\u00a0<strong>a pesar de su falta de experiencia gestionando servicios informativos audiovisuales<\/strong>.<\/p>\n<p> via Dircomfidencial <a href=\"https:\/\/urldefense.com\/v3\/__https:\/\/ift.tt\/6RifwV1__;!!D9dNQwwGXtA!QxsBsrGBXJDwosMcNmGH7_3pqj1iWo-w8UUMHjXtp_7SDVVeBENjQbAxZAmPQZh3hWlSaw76NWO-UO4Y$\" target=\"_blank\" rel=\"noopener\">https:\/\/ift.tt\/6RifwV1<\/a><\/p>\n<p> October 28, 2025 at 01:25PM <\/p><\/div>\n<\/div>\n<div class=\"postie-attachments\"><a href=\"https:\/\/empresaperiodistica.umh.es\/?attachment_id=739\"><img loading=\"lazy\" src=\"https:\/\/empresaperiodistica.umh.es\/files\/2025\/11\/paramount-skydance-300x168.jpg\" alt=\"\" width=\"300px\" height=\"168px\" class=\"alignnone size-medium wp-image-739\" srcset=\"https:\/\/empresaperiodistica.umh.es\/files\/2025\/11\/paramount-skydance-300x168.jpg 300w, https:\/\/empresaperiodistica.umh.es\/files\/2025\/11\/paramount-skydance.jpg 650w\" sizes=\"(max-width: 300px) 100vw, 300px\" \/><\/a><\/div>\n<\/div>\n","protected":false},"excerpt":{"rendered":"<p>En torno a 1.000 trabajadores de Paramount Skydance perder\u00e1n su empleo durante esta semana, seg\u00fan ha podido saber Variety. Y esa reducci\u00f3n de plantilla no es la \u00fanica prevista, ya que est\u00e1 pendiente una nueva ronda de despidos que elevar\u00eda el impacto\u00a0hasta unos 2.000 empleos solo en EEUU.<br \/>\nEstos movimientos eran esperados en la medida [&#8230;]<\/p>\n","protected":false},"author":1,"featured_media":0,"comment_status":"closed","ping_status":"open","sticky":false,"template":"","format":"standard","meta":{"_links_to":"","_links_to_target":""},"categories":[3372,1393805,1393463],"tags":[1393217],"_links":{"self":[{"href":"https:\/\/empresaperiodistica.umh.es\/en\/wp-json\/wp\/v2\/posts\/736"}],"collection":[{"href":"https:\/\/empresaperiodistica.umh.es\/en\/wp-json\/wp\/v2\/posts"}],"about":[{"href":"https:\/\/empresaperiodistica.umh.es\/en\/wp-json\/wp\/v2\/types\/post"}],"author":[{"embeddable":true,"href":"https:\/\/empresaperiodistica.umh.es\/en\/wp-json\/wp\/v2\/users\/1"}],"replies":[{"embeddable":true,"href":"https:\/\/empresaperiodistica.umh.es\/en\/wp-json\/wp\/v2\/comments?post=736"}],"version-history":[{"count":0,"href":"https:\/\/empresaperiodistica.umh.es\/en\/wp-json\/wp\/v2\/posts\/736\/revisions"}],"wp:attachment":[{"href":"https:\/\/empresaperiodistica.umh.es\/en\/wp-json\/wp\/v2\/media?parent=736"}],"wp:term":[{"taxonomy":"category","embeddable":true,"href":"https:\/\/empresaperiodistica.umh.es\/en\/wp-json\/wp\/v2\/categories?post=736"},{"taxonomy":"post_tag","embeddable":true,"href":"https:\/\/empresaperiodistica.umh.es\/en\/wp-json\/wp\/v2\/tags?post=736"}],"curies":[{"name":"wp","href":"https:\/\/api.w.org\/{rel}","templated":true}]}}