{"id":742,"date":"2025-11-02T21:57:05","date_gmt":"2025-11-02T20:57:05","guid":{"rendered":"https:\/\/empresaperiodistica.umh.es\/?p=742"},"modified":"2025-11-02T22:13:06","modified_gmt":"2025-11-02T21:13:06","slug":"rtve-play-proyecta-ingresar-14-me-al-ano-por-publicidad","status":"publish","type":"post","link":"https:\/\/empresaperiodistica.umh.es\/en\/2025\/11\/02\/rtve-play-proyecta-ingresar-14-me-al-ano-por-publicidad\/","title":{"rendered":"RTVE Play proyecta ingresar 1,4 M\u20ac al a\u00f1o por publicidad"},"content":{"rendered":"<div class=\"postie-post\">\n<div dir=\"ltr\">\n<div><\/div>\n<div class=\"gmail_quote gmail_quote_container\"> <img loading=\"lazy\" width=\"650\" alt=\"RTVE Play\" src=\"https:\/\/dircomfidencial.com\/wp-content\/uploads\/2025\/10\/RTVE-Play.png\" height=\"365\" style=\"max-width:100%\"><\/p>\n<p>Radiotelevisi\u00f3n Espa\u00f1ola (RTVE) da por<strong> afianzado el modelo de publicidad<\/strong> implantado hace dos a\u00f1os en su plataforma en <em>streaming<\/em>, RTVE Play.<\/p>\n<p>La corporaci\u00f3n p\u00fablica prev\u00e9 ingresar por publicidad en su OTT <strong>1,4 millones de euros este a\u00f1o, y otros tantos el ejercicio que viene<\/strong>, como aclara su presidente, Jos\u00e9 Pablo L\u00f3pez, en una respuesta parlamentaria.<\/p>\n<p>RTVE Play dio <a rel=\"noopener\" href=\"https:\/\/urldefense.com\/v3\/__https:\/\/dircomfidencial.com\/medios\/rtve-play-da-los-primeros-pasos-para-allanar-la-entrada-de-publicidad-en-2024-20231226-0405\/__;!!D9dNQwwGXtA!VEGtzyPnPRec9YHE6plVsWLFFMnt-HDaagakJWMPXfUBdu_xkE-7Dd9f225wFyoSTdVD4P-S4OizIA8i$\" target=\"_blank\">los primeros pasos<\/a> en publicidad a finales de 2023. Meses m\u00e1s tarde, comenz\u00f3 a consolidar su oferta comercial con <strong>la atracci\u00f3n de una <a rel=\"noopener\" href=\"https:\/\/urldefense.com\/v3\/__https:\/\/dircomfidencial.com\/medios\/una-treintena-de-marcas-apuesta-por-rtve-play-para-anunciarse-20240521-0404\/__;!!D9dNQwwGXtA!VEGtzyPnPRec9YHE6plVsWLFFMnt-HDaagakJWMPXfUBdu_xkE-7Dd9f225wFyoSTdVD4P-S4DiJmc_A$\" target=\"_blank\">treintena de marcas<\/a><\/strong>, como L\u2019Oreal,\u00a0Telef\u00f3nica, El Corte Ingl\u00e9s, Iberdrola, Mapfre o Renfe, entre otros, con unas tarifas que oscilan<strong> entre los 12 euros y los 25 euros por CPM<\/strong> (coste por cada mil impresiones).<\/p>\n<blockquote>\n<p>La radiotelevisi\u00f3n p\u00fablica da por consolidado el modelo de publicidad en su OTT implantado hace dos a\u00f1os.<\/p>\n<\/blockquote>\n<p>La corporaci\u00f3n p\u00fablica ha ido avanzando en su estrategia comercial, mientras agentes del sector de la televisi\u00f3n han cuestionado la posibilidad de que RTVE pudiera emitir publicidad. Sin embargo, la <strong>Comisi\u00f3n Nacional de los Mercados y la Competencia (CNMC) zanj\u00f3 la discusi\u00f3n el pasado mayo<\/strong>, resolviendo que la radiotelevisi\u00f3n s\u00ed puede emitir comunicaciones comerciales en su OTT, de acuerdo con la interpretaci\u00f3n jur\u00eddica de la Ley General de Comunicaci\u00f3n Audiovisual o la Ley de financiaci\u00f3n de RTVE.<\/p>\n<p>El presidente de RTVE a\u00f1ade que esta \u00faltima normativa, de 2022, <strong>permite a la OTT p\u00fablica la explotaci\u00f3n comercial<\/strong>, en formato \u00abm\u00e1s amplio, incluyendo la emisi\u00f3n de spots\u00bb, que en canales lineales.<\/p>\n<p>La cuesti\u00f3n parlamentaria, formulada por el Grupo Parlamentario Vox, tambi\u00e9n interroga si tiene previsto recuperar la emisi\u00f3n de publicidad en sus canales para asegurar \u00abautonom\u00eda financiera\u00bb, a lo que el presidente de la corporaci\u00f3n responde que<strong> el modelo de financiaci\u00f3n no depende de ellos, sino de las Cortes Generales<\/strong>.<\/p>\n<p> via Dircomfidencial <a href=\"https:\/\/urldefense.com\/v3\/__https:\/\/ift.tt\/6RifwV1__;!!D9dNQwwGXtA!VEGtzyPnPRec9YHE6plVsWLFFMnt-HDaagakJWMPXfUBdu_xkE-7Dd9f225wFyoSTdVD4P-S4Ja4y0Nq$\" target=\"_blank\" rel=\"noopener\">https:\/\/ift.tt\/6RifwV1<\/a><\/p>\n<p> October 21, 2025 at 04:07AM <\/p><\/div>\n<\/div>\n<div class=\"postie-attachments\"><a href=\"https:\/\/empresaperiodistica.umh.es\/?attachment_id=745\"><img loading=\"lazy\" src=\"https:\/\/empresaperiodistica.umh.es\/files\/2025\/11\/rtve-play-300x168.png\" alt=\"\" width=\"300px\" height=\"168px\" class=\"alignnone size-medium wp-image-745\" srcset=\"https:\/\/empresaperiodistica.umh.es\/files\/2025\/11\/rtve-play-300x168.png 300w, https:\/\/empresaperiodistica.umh.es\/files\/2025\/11\/rtve-play.png 650w\" sizes=\"(max-width: 300px) 100vw, 300px\" \/><\/a><\/div>\n<\/div>\n","protected":false},"excerpt":{"rendered":"<p>Radiotelevisi\u00f3n Espa\u00f1ola (RTVE) da por afianzado el modelo de publicidad implantado hace dos a\u00f1os en su plataforma en streaming, RTVE Play.<br \/>\nLa corporaci\u00f3n p\u00fablica prev\u00e9 ingresar por publicidad en su OTT 1,4 millones de euros este a\u00f1o, y otros tantos el ejercicio que viene, como aclara su presidente, Jos\u00e9 Pablo L\u00f3pez, en una respuesta parlamentaria.<br \/>\nRTVE [&#8230;]<\/p>\n","protected":false},"author":1,"featured_media":0,"comment_status":"closed","ping_status":"open","sticky":false,"template":"","format":"standard","meta":{"_links_to":"","_links_to_target":""},"categories":[585,50986],"tags":[1393217],"_links":{"self":[{"href":"https:\/\/empresaperiodistica.umh.es\/en\/wp-json\/wp\/v2\/posts\/742"}],"collection":[{"href":"https:\/\/empresaperiodistica.umh.es\/en\/wp-json\/wp\/v2\/posts"}],"about":[{"href":"https:\/\/empresaperiodistica.umh.es\/en\/wp-json\/wp\/v2\/types\/post"}],"author":[{"embeddable":true,"href":"https:\/\/empresaperiodistica.umh.es\/en\/wp-json\/wp\/v2\/users\/1"}],"replies":[{"embeddable":true,"href":"https:\/\/empresaperiodistica.umh.es\/en\/wp-json\/wp\/v2\/comments?post=742"}],"version-history":[{"count":0,"href":"https:\/\/empresaperiodistica.umh.es\/en\/wp-json\/wp\/v2\/posts\/742\/revisions"}],"wp:attachment":[{"href":"https:\/\/empresaperiodistica.umh.es\/en\/wp-json\/wp\/v2\/media?parent=742"}],"wp:term":[{"taxonomy":"category","embeddable":true,"href":"https:\/\/empresaperiodistica.umh.es\/en\/wp-json\/wp\/v2\/categories?post=742"},{"taxonomy":"post_tag","embeddable":true,"href":"https:\/\/empresaperiodistica.umh.es\/en\/wp-json\/wp\/v2\/tags?post=742"}],"curies":[{"name":"wp","href":"https:\/\/api.w.org\/{rel}","templated":true}]}}