{"id":748,"date":"2025-11-02T21:57:47","date_gmt":"2025-11-02T20:57:47","guid":{"rendered":"https:\/\/empresaperiodistica.umh.es\/?p=748"},"modified":"2025-11-02T22:13:31","modified_gmt":"2025-11-02T21:13:31","slug":"ingresos-de-25-me-y-un-aval-de-6-me-los-requisitos-para-optar-a-una-licencia-tdt","status":"publish","type":"post","link":"https:\/\/empresaperiodistica.umh.es\/en\/2025\/11\/02\/ingresos-de-25-me-y-un-aval-de-6-me-los-requisitos-para-optar-a-una-licencia-tdt\/","title":{"rendered":"Ingresos de 2,5 M\u20ac y un aval de 6 M\u20ac: los requisitos para optar a una licencia TDT"},"content":{"rendered":"<div class=\"postie-post\">\n<div dir=\"ltr\">\n<div><\/div>\n<div class=\"gmail_quote gmail_quote_container\"> <img loading=\"lazy\" width=\"650\" alt=\"TDT\" src=\"https:\/\/dircomfidencial.com\/wp-content\/uploads\/2025\/04\/TDT.png\" height=\"365\" style=\"max-width:100%\"><\/p>\n<p>El Gobierno <a rel=\"noopener\" href=\"https:\/\/urldefense.com\/v3\/__https:\/\/dircomfidencial.com\/medios\/el-gobierno-convoca-el-concurso-de-la-nueva-licencia-de-tdt-20251014-1502\/__;!!D9dNQwwGXtA!VwMpLKHAYcK9LvfOgqpPLccYwcR8ei_ytfu6kWxeHklXenXmLvX2IaRNvLO45jP3foxXmHGMoF_bvjwx$\" target=\"_blank\">lanz\u00f3 la semana pasada<\/a> el <strong>concurso p\u00fablico para la adjudicaci\u00f3n <\/strong>de una<strong>\u00a0licencia para la prestaci\u00f3n del servicio de televisi\u00f3n digital terrestre (TDT)<\/strong>, en r\u00e9gimen de\u00a0<strong>emisi\u00f3n en abierto y cuyo \u00e1mbito geogr\u00e1fico se extender\u00e1 a todo el territorio nacional.<\/strong><\/p>\n<p>Los requisitos para presentarse a este proceso de selecci\u00f3n son <strong>fundamentalmente econ\u00f3micos<\/strong> y est\u00e1n al alcance de casi cualquier operador audiovisual. Los interesados en optar a la licencia TDT deber\u00e1n acreditar unos<strong> ingresos m\u00ednimos de 2,5 millones de euros<\/strong> durante los \u00faltimos tres a\u00f1os procedentes de la prestaci\u00f3n de servicios audiovisuales.<\/p>\n<p>Si es una compa\u00f1\u00eda de reciente creaci\u00f3n -menos de 5 a\u00f1os- esta cifra de negocios se podr\u00e1 acreditar<strong> a trav\u00e9s de cualquiera de sus socios<\/strong> que tenga poder de decisi\u00f3n.<\/p>\n<p>Compa\u00f1\u00edas como<strong> Atresmedia, Mediaset Espa\u00f1a, God\u00f3, Prisa <\/strong>o <strong>Kiss FM<\/strong> cumplen con creces este requisito m\u00ednimo. <strong>No as\u00ed Global Alconaba<\/strong>, que -con tres a\u00f1os de antig\u00fcedad- es una sociedad cuyo objeto social es la tenencia de acciones de Prisa (posee un 7%), por lo que <strong>no cuenta con ingresos relevantes<\/strong>.<\/p>\n<p>Otro de los requisitos que ha dispuesto el Gobierno para presentarse al concurso es <strong>presentar un aval de 6 millones de euros<\/strong> que responda del mantenimiento de las ofertas hasta la resoluci\u00f3n del concurso. Esta\u00a0garant\u00eda provisional se extinguir\u00e1 autom\u00e1ticamente y ser\u00e1 devuelta a los licitadores inmediatamente despu\u00e9s de la adjudicaci\u00f3n de las licencias.<\/p>\n<p>El plazo de presentaci\u00f3n de ofertas\u00a0<strong>comenzar\u00e1 a las 9 horas de hoy<\/strong>\u00a0y estar\u00e1<strong> abierto hasta las 13 horas del 20 de noviembre.\u00a0<\/strong><\/p>\n<p>Las compa\u00f1\u00edas interesadas en la licencia TDT tendr\u00e1n que presentar una oferta t\u00e9cnica, que no podr\u00e1 rebasar las <strong>300 p\u00e1ginas.<\/strong> Este documento est\u00e1 estructurado en<strong> siete apartados<\/strong> que los licitadores tienen que cumplimentar:<\/p>\n<h3><strong>Expresi\u00f3n libre y pluralista de ideas y corrientes de opini\u00f3n<\/strong><\/h3>\n<p>El licitador proporcionar\u00e1 la informaci\u00f3n para valorar en qu\u00e9 forma, si se le adjudicara la licencia, mejorar\u00edan los niveles de pluralismo en el mercado televisivo y de los medios de comunicaci\u00f3n, garantizando una expresi\u00f3n libre y pluralista de ideas y de corrientes de opini\u00f3n<\/p>\n<h3><strong>Propuesta t\u00e9cnica<\/strong><\/h3>\n<p>La propuesta contendr\u00e1 en este apartado la informaci\u00f3n relevante que permita evaluar los recursos t\u00e9cnicos, humanos y organizativos del licitador.<\/p>\n<h3><strong>Propuesta econ\u00f3mica<\/strong><\/h3>\n<p>La propuesta econ\u00f3mica permitir\u00e1 realizar una valoraci\u00f3n necesaria de la viabilidad econ\u00f3mica del proyecto. El licitador deber\u00e1 detallar un an\u00e1lisis del mercado y la estrategia comercial, el plan financiero y de negocio (ingresos, gastos, inversiones, fuentes de financiaci\u00f3n\u2026)<\/p>\n<h3><strong>Propuesta de programaci\u00f3n<\/strong><\/h3>\n<p>Un factor fundamental a tener en cuenta por el Gobierno se refiere a la diversidad de contenidos y programas de televisi\u00f3n que el licitador pretenda ofrecer y su capacidad para aparecer como una opci\u00f3n diferenciada y atractiva para los usuarios. El licitador deber\u00e1 destallar si va a tener contenidos informativos, de entretenimiento, infantiles, ficci\u00f3n\u2026<\/p>\n<h3><strong>Satisfacci\u00f3n de las diversas demandas e intereses diversos de la ciudadan\u00eda<\/strong><\/h3>\n<p>El licitador describir\u00e1 la oferta resaltando en qu\u00e9 medida se contribuye a las diversas manifestaciones culturales y sociol\u00f3gicas del p\u00fablico en el mercado audiovisual espa\u00f1ol.<\/p>\n<h3><strong>Estrategia corporativa<\/strong><\/h3>\n<p>Aqu\u00ed el Gobierno valorar\u00e1 el compromiso del licitador de no transmitir ni arrendar la licencia transcurridos dos a\u00f1os desde la adjudicaci\u00f3n inicial de la licencia. Tambi\u00e9n la implementaci\u00f3n de medidas de atenci\u00f3n a los espectadores y la adecuaci\u00f3n de los contenidos audiovisuales a los c\u00f3digos de autorregulaci\u00f3n<\/p>\n<h3><strong>Impacto sobre la industria espa\u00f1ola y europea de los contenidos digitales y contribuci\u00f3n a la innovaci\u00f3n tecnol\u00f3gica<\/strong><\/h3>\n<p>El licitador indicar\u00e1 fundamentalmente las actuaciones o inversiones previstas de cara al desarrollo de la industria espa\u00f1ola y europea de contenidos digitales y a la creaci\u00f3n de empleo.<\/p>\n<blockquote>\n<p>Una mesa de expertos, presidida por Carla Galbarriatu, tendr\u00e1 que evaluar las propuestas de los licitadores.<\/p>\n<\/blockquote>\n<p>Una mesa de expertos evaluar\u00e1 las propuestas recibidas. Este grupo estar\u00e1 presidido por <strong>Carla Galbarriatu<\/strong>, como directora general de Ordenaci\u00f3n de los Servicios de Digitalizaci\u00f3n y Comunicaci\u00f3n Audiovisual. Estar\u00e1 acompa\u00f1ada en la mesa de contrataci\u00f3n por <strong>otros miembros del Ministerio para la Transformaci\u00f3n Digital y de la Funci\u00f3n P\u00fablica<\/strong>.<\/p>\n<p>Este grupo de expertos otorgar\u00e1 puntuaciones a cada uno de los siete puntos de las propuestas de los licitadores. El que m\u00e1s peso tiene es el primer apartado: <strong><em>Expresi\u00f3n libre y pluralista de ideas y corrientes de opini\u00f3n<\/em>. <\/strong>En este ep\u00edgrafe se pueden obtener hasta <strong>un m\u00e1ximo de 150 puntos de los 780 totales del concurso.\u00a0<\/strong><\/p>\n<h2><strong>Decisi\u00f3n en un a\u00f1o<\/strong><\/h2>\n<p>Corresponder\u00e1 al Consejo de Ministros\u00a0<strong>resolver el concurso en el plazo m\u00e1ximo de 12 meses desde su publicaci\u00f3n<\/strong>.<\/p>\n<p>La<strong>\u00a0duraci\u00f3n de la licencia ser\u00e1 de 15 a\u00f1os<\/strong>\u00a0y ser\u00e1\u00a0<strong>susceptible de renovaci\u00f3n por el mismo plazo<\/strong>.<\/p>\n<p> via Dircomfidencial <a href=\"https:\/\/urldefense.com\/v3\/__https:\/\/ift.tt\/6RifwV1__;!!D9dNQwwGXtA!VwMpLKHAYcK9LvfOgqpPLccYwcR8ei_ytfu6kWxeHklXenXmLvX2IaRNvLO45jP3foxXmHGMoBVW1l-b$\" target=\"_blank\" rel=\"noopener\">https:\/\/ift.tt\/6RifwV1<\/a><\/p>\n<p> October 20, 2025 at 04:10AM <\/p><\/div>\n<\/div>\n<div class=\"postie-attachments\"><a href=\"https:\/\/empresaperiodistica.umh.es\/?attachment_id=751\"><img loading=\"lazy\" src=\"https:\/\/empresaperiodistica.umh.es\/files\/2025\/11\/tdt-300x168.png\" alt=\"\" width=\"300px\" height=\"168px\" class=\"alignnone size-medium wp-image-751\" srcset=\"https:\/\/empresaperiodistica.umh.es\/files\/2025\/11\/tdt-300x168.png 300w, https:\/\/empresaperiodistica.umh.es\/files\/2025\/11\/tdt.png 650w\" sizes=\"(max-width: 300px) 100vw, 300px\" \/><\/a><\/div>\n<\/div>\n","protected":false},"excerpt":{"rendered":"<p>El Gobierno lanz\u00f3 la semana pasada el concurso p\u00fablico para la adjudicaci\u00f3n de una\u00a0licencia para la prestaci\u00f3n del servicio de televisi\u00f3n digital terrestre (TDT), en r\u00e9gimen de\u00a0emisi\u00f3n en abierto y cuyo \u00e1mbito geogr\u00e1fico se extender\u00e1 a todo el territorio nacional.<br \/>\nLos requisitos para presentarse a este proceso de selecci\u00f3n son fundamentalmente econ\u00f3micos y est\u00e1n al [&#8230;]<\/p>\n","protected":false},"author":1,"featured_media":0,"comment_status":"closed","ping_status":"open","sticky":false,"template":"","format":"standard","meta":{"_links_to":"","_links_to_target":""},"categories":[1393805,50986],"tags":[1393217],"_links":{"self":[{"href":"https:\/\/empresaperiodistica.umh.es\/en\/wp-json\/wp\/v2\/posts\/748"}],"collection":[{"href":"https:\/\/empresaperiodistica.umh.es\/en\/wp-json\/wp\/v2\/posts"}],"about":[{"href":"https:\/\/empresaperiodistica.umh.es\/en\/wp-json\/wp\/v2\/types\/post"}],"author":[{"embeddable":true,"href":"https:\/\/empresaperiodistica.umh.es\/en\/wp-json\/wp\/v2\/users\/1"}],"replies":[{"embeddable":true,"href":"https:\/\/empresaperiodistica.umh.es\/en\/wp-json\/wp\/v2\/comments?post=748"}],"version-history":[{"count":0,"href":"https:\/\/empresaperiodistica.umh.es\/en\/wp-json\/wp\/v2\/posts\/748\/revisions"}],"wp:attachment":[{"href":"https:\/\/empresaperiodistica.umh.es\/en\/wp-json\/wp\/v2\/media?parent=748"}],"wp:term":[{"taxonomy":"category","embeddable":true,"href":"https:\/\/empresaperiodistica.umh.es\/en\/wp-json\/wp\/v2\/categories?post=748"},{"taxonomy":"post_tag","embeddable":true,"href":"https:\/\/empresaperiodistica.umh.es\/en\/wp-json\/wp\/v2\/tags?post=748"}],"curies":[{"name":"wp","href":"https:\/\/api.w.org\/{rel}","templated":true}]}}