{"id":758,"date":"2025-11-02T22:04:32","date_gmt":"2025-11-02T21:04:32","guid":{"rendered":"https:\/\/empresaperiodistica.umh.es\/?p=758"},"modified":"2025-11-02T22:14:07","modified_gmt":"2025-11-02T21:14:07","slug":"los-grupos-de-comunicacion-cotizados-perdieron-casi-un-29-de-su-beneficio-de-explotacion-hasta-junio","status":"publish","type":"post","link":"https:\/\/empresaperiodistica.umh.es\/en\/2025\/11\/02\/los-grupos-de-comunicacion-cotizados-perdieron-casi-un-29-de-su-beneficio-de-explotacion-hasta-junio\/","title":{"rendered":"Los grupos de comunicaci\u00f3n cotizados perdieron casi un 29% de su beneficio de explotaci\u00f3n hasta junio"},"content":{"rendered":"<div class=\"postie-post\">\n<div dir=\"ltr\">\n<div><\/div>\n<div class=\"gmail_quote gmail_quote_container\">\n<div>\n<div>\n<div>\n<div>\n<div>\n<p>Entre enero y junio de este a\u00f1o, los grupos de comunicaci\u00f3n que cotizan en bolsa (Atresmedia, Mediaset, Prisa Media, Vocento y Unidad Editorial) registraron un beneficio de explotaci\u00f3n conjunto de 126,7 millones de euros, el 28,8% menos que los 177,9 millones obtenidos en el mismo periodo de 2024, seg\u00fan la elaboraci\u00f3n de DigiMedios, a partir de los datos comunicados por estas compa\u00f1\u00edas o sus matrices a las autoridades burs\u00e1tiles o a sus inversores.<\/p>\n<p>Los descensos de los resultados de explotaci\u00f3n no se han repartido de forma uniforme y, as\u00ed destacan los de Prisa Media (-75%, si bien a partir de bases muy peque\u00f1as, de 4 y 1 millones entre ambos semestres) y Mediaset (-46%).\u00a0 Unidad Editorial se mantuvo en un EBIT de 11,3 millones y Vocento gener\u00f3 p\u00e9rdidas los dos a\u00f1os.<\/p>\n<p><strong>Ingresos<\/strong><\/p>\n<p>Por lo que se refiere a los ingresos conjuntos, el descenso ha sido del 3,5%, al pasar de 1.419,2 millones a 1.369,4 millones entre ambos semestres. En este caso, todos los grupos han visto como -en mayor o menor medida- sus ingresos de explotaci\u00f3n se reduc\u00edan.<\/p>\n<p>Cabe recordar que en este periodo y seg\u00fan datos del estudio i2P, la inversi\u00f3n publicitaria en medios convencionales se redujo el 1,3% y que, si se incluyen los datos de medios digitales y plataformas creci\u00f3 el 0,8%.<\/p>\n<p>Y, finalmente, otra forma de verlo es considerando que el margen de explotaci\u00f3n conjunto de estos cinco grupos cay\u00f3 por debajo del 10%, del 12,5 al 9,3%.<\/p>\n<p>(A lo largo de las \u00faltimas semanas, en DigiMedios se han ido publicando los resultados semestrales de estos grupos).<\/p>\n<\/div>\n<\/div>\n<\/div>\n<\/div>\n<\/div>\n<p> via DigiMedios <a href=\"https:\/\/urldefense.com\/v3\/__https:\/\/digimedios.es__;!!D9dNQwwGXtA!VSBhKOPMoy3zNPsK1hcVe9lepC6h4AO8x9hYgzURisvyROhY7CuU3vIBI-i62ReX1auUJUQgIzfW95QJ$\" target=\"_blank\" rel=\"noopener\">https:\/\/digimedios.es<\/a><\/p>\n<p> October 26, 2025 at 01:29PM <\/p><\/div>\n<\/div>\n<div class=\"postie-attachments\"><a href=\"https:\/\/empresaperiodistica.umh.es\/?attachment_id=761\"><img loading=\"lazy\" src=\"https:\/\/empresaperiodistica.umh.es\/files\/2025\/11\/Captura-de-pantalla-2025-11-02-a-las-22.04.18-300x300.png\" alt=\"\" width=\"300px\" height=\"300px\" class=\"alignnone size-medium wp-image-761\" srcset=\"https:\/\/empresaperiodistica.umh.es\/files\/2025\/11\/Captura-de-pantalla-2025-11-02-a-las-22.04.18-300x300.png 300w, https:\/\/empresaperiodistica.umh.es\/files\/2025\/11\/Captura-de-pantalla-2025-11-02-a-las-22.04.18-150x150.png 150w, https:\/\/empresaperiodistica.umh.es\/files\/2025\/11\/Captura-de-pantalla-2025-11-02-a-las-22.04.18.png 384w\" sizes=\"(max-width: 300px) 100vw, 300px\" \/><\/a><\/div>\n<\/div>\n","protected":false},"excerpt":{"rendered":"<p>Entre enero y junio de este a\u00f1o, los grupos de comunicaci\u00f3n que cotizan en bolsa (Atresmedia, Mediaset, Prisa Media, Vocento y Unidad Editorial) registraron un beneficio de explotaci\u00f3n conjunto de 126,7 millones de euros, el 28,8% menos que los 177,9 millones obtenidos en el mismo periodo de 2024, seg\u00fan la elaboraci\u00f3n de DigiMedios, a partir [&#8230;]<\/p>\n","protected":false},"author":1,"featured_media":0,"comment_status":"closed","ping_status":"open","sticky":false,"template":"","format":"standard","meta":{"_links_to":"","_links_to_target":""},"categories":[585,50986],"tags":[1393217],"_links":{"self":[{"href":"https:\/\/empresaperiodistica.umh.es\/en\/wp-json\/wp\/v2\/posts\/758"}],"collection":[{"href":"https:\/\/empresaperiodistica.umh.es\/en\/wp-json\/wp\/v2\/posts"}],"about":[{"href":"https:\/\/empresaperiodistica.umh.es\/en\/wp-json\/wp\/v2\/types\/post"}],"author":[{"embeddable":true,"href":"https:\/\/empresaperiodistica.umh.es\/en\/wp-json\/wp\/v2\/users\/1"}],"replies":[{"embeddable":true,"href":"https:\/\/empresaperiodistica.umh.es\/en\/wp-json\/wp\/v2\/comments?post=758"}],"version-history":[{"count":0,"href":"https:\/\/empresaperiodistica.umh.es\/en\/wp-json\/wp\/v2\/posts\/758\/revisions"}],"wp:attachment":[{"href":"https:\/\/empresaperiodistica.umh.es\/en\/wp-json\/wp\/v2\/media?parent=758"}],"wp:term":[{"taxonomy":"category","embeddable":true,"href":"https:\/\/empresaperiodistica.umh.es\/en\/wp-json\/wp\/v2\/categories?post=758"},{"taxonomy":"post_tag","embeddable":true,"href":"https:\/\/empresaperiodistica.umh.es\/en\/wp-json\/wp\/v2\/tags?post=758"}],"curies":[{"name":"wp","href":"https:\/\/api.w.org\/{rel}","templated":true}]}}