{"id":772,"date":"2025-11-16T18:20:07","date_gmt":"2025-11-16T17:20:07","guid":{"rendered":"https:\/\/empresaperiodistica.umh.es\/?p=772"},"modified":"2025-12-16T13:29:11","modified_gmt":"2025-12-16T12:29:11","slug":"rcs-mediagroup-matriz-de-unidad-editorial-consolida-su-crecimiento-en-los-primeros-nueve-meses-de-2025","status":"publish","type":"post","link":"https:\/\/empresaperiodistica.umh.es\/en\/2025\/11\/16\/rcs-mediagroup-matriz-de-unidad-editorial-consolida-su-crecimiento-en-los-primeros-nueve-meses-de-2025\/","title":{"rendered":"RCS MediaGroup, matriz de Unidad Editorial, consolida su crecimiento en los primeros nueve meses de 2025"},"content":{"rendered":"<div class=\"postie-post\">\n<div dir=\"ltr\">\n<div><br clear=\"all\"><\/div>\n<div>\n<div dir=\"ltr\" class=\"gmail_signature\" data-smartmail=\"gmail_signature\">\n<div dir=\"ltr\">\n<div dir=\"ltr\">\n<div dir=\"ltr\">\n<div dir=\"ltr\">\n<div dir=\"ltr\">\n<div dir=\"ltr\">\n<div dir=\"ltr\">\n<div dir=\"ltr\">\n<div dir=\"ltr\">\n<div dir=\"ltr\">\n<div dir=\"ltr\" style=\"color:rgb(34,34,34)\">\n<div dir=\"ltr\" style=\"color:rgb(0,0,0);line-height:24px\"><\/div>\n<\/div>\n<\/div>\n<\/div>\n<\/div>\n<\/div>\n<\/div>\n<\/div>\n<\/div>\n<\/div>\n<\/div>\n<\/div>\n<\/div>\n<\/div>\n<div class=\"gmail_quote gmail_quote_container\">\n<p><strong>RCS MediaGroup<\/strong> consolida su crecimiento en los<strong> primeros nueve meses de 2025<\/strong> y mantiene su posici\u00f3n como uno de los grupos de comunicaci\u00f3n m\u00e1s s\u00f3lidos de Europa. La compa\u00f1\u00eda, matriz de Unidad Editorial, alcanz\u00f3 un <strong>resultado neto de 31,6 millones de euros<\/strong> y contin\u00faa generando flujo de caja positivo.<\/p>\n<p>Seg\u00fan los datos aprobados por su Consejo de Administraci\u00f3n, el grupo logr\u00f3 un EBITDA de<strong> 91,8 millones de euros y un EBIT de 52,6 millones.<\/strong> Ambas cifras superan ligeramente las obtenidas en el mismo periodo de 2024. Adem\u00e1s, la posici\u00f3n financiera neta se mantiene positiva en 9,9 millones de euros.<\/p>\n<h4>Crecimiento sostenido y digitalizaci\u00f3n<\/h4>\n<p>RCS MediaGroup consolida su crecimiento en los primeros nueve meses gracias al impulso del negocio digital. Hasta septiembre, los i<strong>ngresos consolidados alcanzaron los 583 millones de euros<\/strong>, de los cuales el <strong>26,1% corresponde a ingresos digitales.<\/strong> Aunque los ingresos totales descienden ligeramente frente a 2024, la rentabilidad operativa contin\u00faa mejorando.<\/p>\n<p>En Espa\u00f1a, Unidad Editorial \u2014que agrupa a EL MUNDO, MARCA, EXPANSI\u00d3N y TELVA\u2014 registr\u00f3 ingresos de<strong> 146,4 millones de euros y un EBITDA de 21,3 millones.<\/strong> Los ingresos digitales representan ya el 42,2% del total, confirmando la transformaci\u00f3n tecnol\u00f3gica del grupo.<\/p>\n<h4>Liderazgo en audiencia y redes<\/h4>\n<p>Las cabeceras de RCS MediaGroup suman cerca de <strong>1,3 millones de suscriptores digitales<\/strong>. Corriere della Sera alcanza 727.000, mientras EL MUNDO y EXPANSI\u00d3N re\u00fanen 174.000 y 124.000 respectivamente. Adem\u00e1s, EL MUNDO lidera la audiencia de medios generalistas en Espa\u00f1a seg\u00fan los datos de GFK y Google Analytics.<\/p>\n<p>MARCA se sit\u00faa tambi\u00e9n en primera posici\u00f3n entre los medios deportivos en las m\u00e9tricas de calidad. En redes sociales, EL MUNDO registra 13 millones de seguidores, MARCA supera los 21 millones y TELVA suma 2,6 millones, mientras EXPANSI\u00d3N alcanza 1,6 millones.<\/p>\n<h4>Un grupo multimedia internacional<\/h4>\n<p>RCS MediaGroup consolida su crecimiento en los primeros nueve meses reforzando su liderazgo en prensa, televisi\u00f3n, radio y publicidad. La compa\u00f1\u00eda, con sede en Italia, publica cabeceras como <strong>Corriere della Sera y La Gazzetta dello Sport<\/strong>. Adem\u00e1s, opera en los mercados de la distribuci\u00f3n y la comunicaci\u00f3n, y promueve la cultura y la informaci\u00f3n de calidad como pilares de su acci\u00f3n empresarial.<\/p>\n<p>Con esta evoluci\u00f3n, el grupo confirma su solidez financiera y su compromiso con la transformaci\u00f3n digital. La diversificaci\u00f3n de ingresos y la fortaleza de sus marcas le permiten mantener una posici\u00f3n estable en un entorno medi\u00e1tico cada vez m\u00e1s competitivo.<\/p>\n<p>via INFOPERIODISTAS <a href=\"https:\/\/urldefense.com\/v3\/__https:\/\/ift.tt\/ru0F4RJ__;!!D9dNQwwGXtA!RYyZSBn9z0bJyi43nlJiLB3lqoLWRusPVafzavxXBG3tsk5AQUV5zpKXvPabh6NkDqzK4ZWn2TAouSPO$\" target=\"_blank\" rel=\"noopener\">https:\/\/ift.tt\/ru0F4RJ<\/a><\/p>\n<p><\/div>\n<\/div>\n<div class=\"postie-attachments\"><a href=\"https:\/\/empresaperiodistica.umh.es\/?attachment_id=775\"><img loading=\"lazy\" src=\"https:\/\/empresaperiodistica.umh.es\/files\/2025\/11\/marco1200-300x200.jpg\" alt=\"\" width=\"300px\" height=\"200px\" class=\"alignnone size-medium wp-image-775\" srcset=\"https:\/\/empresaperiodistica.umh.es\/files\/2025\/11\/marco1200-300x200.jpg 300w, https:\/\/empresaperiodistica.umh.es\/files\/2025\/11\/marco1200-1024x683.jpg 1024w, https:\/\/empresaperiodistica.umh.es\/files\/2025\/11\/marco1200-768x512.jpg 768w, https:\/\/empresaperiodistica.umh.es\/files\/2025\/11\/marco1200.jpg 1200w\" sizes=\"(max-width: 300px) 100vw, 300px\" \/><\/a><\/div>\n<\/div>\n","protected":false},"excerpt":{"rendered":"<p>RCS MediaGroup consolida su crecimiento en los primeros nueve meses de 2025 y mantiene su posici\u00f3n como uno de los grupos de comunicaci\u00f3n m\u00e1s s\u00f3lidos de Europa. La compa\u00f1\u00eda, matriz de Unidad Editorial, alcanz\u00f3 un resultado neto de 31,6 millones de euros y contin\u00faa generando flujo de caja positivo.<br \/>\nSeg\u00fan los datos aprobados por su Consejo [&#8230;]<\/p>\n","protected":false},"author":1,"featured_media":0,"comment_status":"closed","ping_status":"open","sticky":false,"template":"","format":"standard","meta":{"_links_to":"","_links_to_target":""},"categories":[1393805,1393463],"tags":[1393217],"_links":{"self":[{"href":"https:\/\/empresaperiodistica.umh.es\/en\/wp-json\/wp\/v2\/posts\/772"}],"collection":[{"href":"https:\/\/empresaperiodistica.umh.es\/en\/wp-json\/wp\/v2\/posts"}],"about":[{"href":"https:\/\/empresaperiodistica.umh.es\/en\/wp-json\/wp\/v2\/types\/post"}],"author":[{"embeddable":true,"href":"https:\/\/empresaperiodistica.umh.es\/en\/wp-json\/wp\/v2\/users\/1"}],"replies":[{"embeddable":true,"href":"https:\/\/empresaperiodistica.umh.es\/en\/wp-json\/wp\/v2\/comments?post=772"}],"version-history":[{"count":0,"href":"https:\/\/empresaperiodistica.umh.es\/en\/wp-json\/wp\/v2\/posts\/772\/revisions"}],"wp:attachment":[{"href":"https:\/\/empresaperiodistica.umh.es\/en\/wp-json\/wp\/v2\/media?parent=772"}],"wp:term":[{"taxonomy":"category","embeddable":true,"href":"https:\/\/empresaperiodistica.umh.es\/en\/wp-json\/wp\/v2\/categories?post=772"},{"taxonomy":"post_tag","embeddable":true,"href":"https:\/\/empresaperiodistica.umh.es\/en\/wp-json\/wp\/v2\/tags?post=772"}],"curies":[{"name":"wp","href":"https:\/\/api.w.org\/{rel}","templated":true}]}}