{"id":799,"date":"2025-12-16T13:28:22","date_gmt":"2025-12-16T12:28:22","guid":{"rendered":"https:\/\/empresaperiodistica.umh.es\/?p=799"},"modified":"2025-12-31T09:36:09","modified_gmt":"2025-12-31T08:36:09","slug":"gfk-dam-publica-por-primera-vez-audiencias-audiovisuales-multidispositivo","status":"publish","type":"post","link":"https:\/\/empresaperiodistica.umh.es\/en\/2025\/12\/16\/gfk-dam-publica-por-primera-vez-audiencias-audiovisuales-multidispositivo\/","title":{"rendered":"GfK DAM publica por primera vez audiencias audiovisuales multidispositivo"},"content":{"rendered":"<div class=\"postie-post\">\n<div dir=\"ltr\">\n<div><\/div>\n<div class=\"gmail_quote gmail_quote_container\">\n<p><strong>GfK DAM<\/strong>, en su labor de proporcionar medici\u00f3n integral del consumo de v\u00eddeo y audio en Espa\u00f1a, revela ahora qui\u00e9n est\u00e1 detr\u00e1s de este consumo, reportando los espectadores.<\/p>\n<p>Hasta el momento, la compa\u00f1\u00eda ha ofrecido una soluci\u00f3n enfocada en la medici\u00f3n integral del consumo digital de v\u00eddeo y audio, incluyendo datos relativos al tr\u00e1fico distribuido en<strong> YouTube<\/strong>, as\u00ed como los <strong>KPIs<\/strong> de todos los actores del panorama audiovisual, desde <em>pure players<\/em> y OTTs hasta <em>broadcasters<\/em> y medios de comunicaci\u00f3n.<\/p>\n<p>Por primera vez, ahora se publican tambi\u00e9n las audiencias en forma de <strong>espectadores \u00fanicos detr\u00e1s de contenidos espec\u00edficos de v\u00eddeo y audio<\/strong>, con una radiograf\u00eda completa de su perfil, tanto a nivel sociodemogr\u00e1fico como de h\u00e1bitos de uso y dispositivos desde los que se realiza el visionado.<\/p>\n<blockquote>\n<p>El medidor empieza a publicar audiencias en forma de espectadores \u00fanicos detr\u00e1s de contenidos espec\u00edficos de v\u00eddeo y audio.<\/p>\n<\/blockquote>\n<p>A su vez, estos contenidos estar\u00e1n disponibles en las pr\u00f3ximas semanas para planificaciones publicitarias dise\u00f1adas para impactar en espectadores que solo consuman contenidos de v\u00eddeo y audio, facilitando as\u00ed por<strong> primera vez en Espa\u00f1a estrategias publicitarias exclusivamente audiovisuales<\/strong>.<\/p>\n<p>\u201cSe trata de un avance muy relevante para el mercado publicitario, ya que estos datos, reci\u00e9n publicados para nuestros clientes, son cruciales para entender el ecosistema del consumo audiovisual en nuestro pa\u00eds y para fomentar la inversi\u00f3n publicitaria en plataformas con contenido audiovisual gracias a posibilitar estrategias enfocadas exclusivamente a este tipo de consumo\u201d, sostiene<strong> David S\u00e1nchez<\/strong>, Director de<strong> GfK Media<\/strong>.<\/p>\n<p>Estos avances representan un paso decisivo en la apuesta de GfK DAM por una medici\u00f3n integral de v\u00eddeo y audio. Son el resultado del trabajo continuo del <strong>Media Hub de GfK<\/strong>, formado por especialistas en<strong><em> data science<\/em>, inteligencia artificial e investigaci\u00f3n<\/strong>.<\/p>\n<p>En definitiva, un camino hacia una medici\u00f3n total del contenido multimedia, impulsada por tecnolog\u00eda propia y por el compromiso de GfK con una industria digital din\u00e1mica, en constante <strong>evoluci\u00f3n<\/strong> y con una <strong>orientaci\u00f3n hacia lo audiovisual<\/strong>.<\/p>\n<p>via Dircomfidencial <a href=\"https:\/\/urldefense.com\/v3\/__https:\/\/ift.tt\/apxYL3D__;!!D9dNQwwGXtA!XFfcSJFBbCN0uSxg8i0BDV3YXezvH43dzqhlswn5aFBTMOS2zslI4nP785T1dCUUD1_aTQzbz_V1f2OM$\" target=\"_blank\" rel=\"noopener\">https:\/\/ift.tt\/apxYL3D<\/a><\/p>\n<p> December 15, 2025 at 05:35PM <\/p><\/div>\n<\/div>\n<div class=\"postie-attachments\"><a href=\"https:\/\/empresaperiodistica.umh.es\/?attachment_id=802\"><img loading=\"lazy\" src=\"https:\/\/empresaperiodistica.umh.es\/files\/2025\/12\/gfk-300x168.jpg\" alt=\"\" width=\"300px\" height=\"168px\" class=\"alignnone size-medium wp-image-802\" srcset=\"https:\/\/empresaperiodistica.umh.es\/files\/2025\/12\/gfk-300x168.jpg 300w, https:\/\/empresaperiodistica.umh.es\/files\/2025\/12\/gfk.jpg 650w\" sizes=\"(max-width: 300px) 100vw, 300px\" \/><\/a><\/div>\n<\/div>\n","protected":false},"excerpt":{"rendered":"<p>GfK DAM, en su labor de proporcionar medici\u00f3n integral del consumo de v\u00eddeo y audio en Espa\u00f1a, revela ahora qui\u00e9n est\u00e1 detr\u00e1s de este consumo, reportando los espectadores.<br \/>\nHasta el momento, la compa\u00f1\u00eda ha ofrecido una soluci\u00f3n enfocada en la medici\u00f3n integral del consumo digital de v\u00eddeo y audio, incluyendo datos relativos al tr\u00e1fico distribuido en [&#8230;]<\/p>\n","protected":false},"author":1,"featured_media":0,"comment_status":"closed","ping_status":"open","sticky":false,"template":"","format":"standard","meta":{"_links_to":"","_links_to_target":""},"categories":[41626,50986],"tags":[1393217],"_links":{"self":[{"href":"https:\/\/empresaperiodistica.umh.es\/en\/wp-json\/wp\/v2\/posts\/799"}],"collection":[{"href":"https:\/\/empresaperiodistica.umh.es\/en\/wp-json\/wp\/v2\/posts"}],"about":[{"href":"https:\/\/empresaperiodistica.umh.es\/en\/wp-json\/wp\/v2\/types\/post"}],"author":[{"embeddable":true,"href":"https:\/\/empresaperiodistica.umh.es\/en\/wp-json\/wp\/v2\/users\/1"}],"replies":[{"embeddable":true,"href":"https:\/\/empresaperiodistica.umh.es\/en\/wp-json\/wp\/v2\/comments?post=799"}],"version-history":[{"count":0,"href":"https:\/\/empresaperiodistica.umh.es\/en\/wp-json\/wp\/v2\/posts\/799\/revisions"}],"wp:attachment":[{"href":"https:\/\/empresaperiodistica.umh.es\/en\/wp-json\/wp\/v2\/media?parent=799"}],"wp:term":[{"taxonomy":"category","embeddable":true,"href":"https:\/\/empresaperiodistica.umh.es\/en\/wp-json\/wp\/v2\/categories?post=799"},{"taxonomy":"post_tag","embeddable":true,"href":"https:\/\/empresaperiodistica.umh.es\/en\/wp-json\/wp\/v2\/tags?post=799"}],"curies":[{"name":"wp","href":"https:\/\/api.w.org\/{rel}","templated":true}]}}