{"id":80,"date":"2023-07-12T07:46:49","date_gmt":"2023-07-12T05:46:49","guid":{"rendered":"https:\/\/empresaperiodistica.umh.es\/?p=80"},"modified":"2023-07-12T07:52:30","modified_gmt":"2023-07-12T05:52:30","slug":"la-justicia-estadounidense-da-luz-verde-a-la-compra-de-activision-blizzard-por-parte-de-microsoft","status":"publish","type":"post","link":"https:\/\/empresaperiodistica.umh.es\/en\/2023\/07\/12\/la-justicia-estadounidense-da-luz-verde-a-la-compra-de-activision-blizzard-por-parte-de-microsoft\/","title":{"rendered":"La Justicia estadounidense da &#8216;luz verde&#8217; a la compra de Activision Blizzard por parte de Microsoft"},"content":{"rendered":"<p><\/p>\n<div class=\"postie-post\">\n<div dir=\"ltr\">\n<div class=\"gmail_default\" style=\"font-family:trebuchet ms,sans-serif;color:#073763\"><\/div>\n<div class=\"gmail_quote\">La Justicia estadounidense da &#39;luz verde&#39; a la compra de Activision Blizzard por parte de Microsoft<\/p>\n<p> <a href=\"https:\/\/urldefense.com\/v3\/__https:\/\/ift.tt\/mkGuQyF__;!!D9dNQwwGXtA!U3XREyezOQZXe2ppNEXR4Gf9PdQMCgNnwKIKKVqY3PRaqA--9qnC-iCDNCNlFzynbuzh0L_W3Sl2EtC9$\" target=\"_blank\" rel=\"noopener\">https:\/\/ift.tt\/mkGuQyF<\/a><\/p>\n<p> Microsoft puede seguir adelante con la compra del gigante de los videojuegos Activision Blizzard, una transacci\u00f3n valorada en 69.000 millones de d\u00f3lares (62.745 millones de euros), seg\u00fan ha dictaminado este martes un tribunal federal de California.<\/p>\n<p> Noticias<\/p>\n<p> via Informaci\u00f3n &#8211; Econom\u00eda <a href=\"https:\/\/urldefense.com\/v3\/__https:\/\/ift.tt\/91uosXZ__;!!D9dNQwwGXtA!U3XREyezOQZXe2ppNEXR4Gf9PdQMCgNnwKIKKVqY3PRaqA--9qnC-iCDNCNlFzynbuzh0L_W3WgCL9UI$\" target=\"_blank\" rel=\"noopener\">https:\/\/ift.tt\/91uosXZ<\/a><\/p>\n<\/div>\n<\/div>\n<div class=\"postie-attachments\"><a href=\"https:\/\/empresaperiodistica.umh.es\/?attachment_id=83\"><img loading=\"lazy\" src=\"https:\/\/empresaperiodistica.umh.es\/files\/2023\/07\/dcb77bd7-fc6f-416e-855d-1ca4db6586d4_16-9-aspect-ratio_default_0-300x169.jpg\" alt=\"\" width=\"300px\" height=\"169px\" class=\"alignnone size-medium wp-image-83\" srcset=\"https:\/\/empresaperiodistica.umh.es\/files\/2023\/07\/dcb77bd7-fc6f-416e-855d-1ca4db6586d4_16-9-aspect-ratio_default_0-300x169.jpg 300w, https:\/\/empresaperiodistica.umh.es\/files\/2023\/07\/dcb77bd7-fc6f-416e-855d-1ca4db6586d4_16-9-aspect-ratio_default_0-768x432.jpg 768w, https:\/\/empresaperiodistica.umh.es\/files\/2023\/07\/dcb77bd7-fc6f-416e-855d-1ca4db6586d4_16-9-aspect-ratio_default_0.jpg 880w\" sizes=\"(max-width: 300px) 100vw, 300px\" \/><\/a><\/div>\n<\/div>\n<p><\/p>","protected":false},"excerpt":{"rendered":"<p>La Justicia estadounidense da &#39;luz verde&#39; a la compra de Activision Blizzard por parte de Microsoft<br \/>\n https:\/\/ift.tt\/mkGuQyF<br \/>\n Microsoft puede seguir adelante con la compra del gigante de los videojuegos Activision Blizzard, una transacci\u00f3n valorada en 69.000 millones de d\u00f3lares (62.745 millones de euros), seg\u00fan ha dictaminado este martes un tribunal federal de California.<br \/>\n Noticias<br \/>\n via [&#8230;]<\/p>\n","protected":false},"author":1,"featured_media":0,"comment_status":"closed","ping_status":"open","sticky":false,"template":"","format":"standard","meta":{"_links_to":"","_links_to_target":""},"categories":[3372,1393463],"tags":[1393217],"_links":{"self":[{"href":"https:\/\/empresaperiodistica.umh.es\/en\/wp-json\/wp\/v2\/posts\/80"}],"collection":[{"href":"https:\/\/empresaperiodistica.umh.es\/en\/wp-json\/wp\/v2\/posts"}],"about":[{"href":"https:\/\/empresaperiodistica.umh.es\/en\/wp-json\/wp\/v2\/types\/post"}],"author":[{"embeddable":true,"href":"https:\/\/empresaperiodistica.umh.es\/en\/wp-json\/wp\/v2\/users\/1"}],"replies":[{"embeddable":true,"href":"https:\/\/empresaperiodistica.umh.es\/en\/wp-json\/wp\/v2\/comments?post=80"}],"version-history":[{"count":0,"href":"https:\/\/empresaperiodistica.umh.es\/en\/wp-json\/wp\/v2\/posts\/80\/revisions"}],"wp:attachment":[{"href":"https:\/\/empresaperiodistica.umh.es\/en\/wp-json\/wp\/v2\/media?parent=80"}],"wp:term":[{"taxonomy":"category","embeddable":true,"href":"https:\/\/empresaperiodistica.umh.es\/en\/wp-json\/wp\/v2\/categories?post=80"},{"taxonomy":"post_tag","embeddable":true,"href":"https:\/\/empresaperiodistica.umh.es\/en\/wp-json\/wp\/v2\/tags?post=80"}],"curies":[{"name":"wp","href":"https:\/\/api.w.org\/{rel}","templated":true}]}}