{"id":811,"date":"2026-02-27T09:42:42","date_gmt":"2026-02-27T08:42:42","guid":{"rendered":"https:\/\/empresaperiodistica.umh.es\/?p=811"},"modified":"2026-02-27T14:02:08","modified_gmt":"2026-02-27T13:02:08","slug":"paramount-gana-la-guerra-por-warner-bros-tras-la-renuncia-de-netflix-a-igualar-la-oferta","status":"publish","type":"post","link":"https:\/\/empresaperiodistica.umh.es\/en\/2026\/02\/27\/paramount-gana-la-guerra-por-warner-bros-tras-la-renuncia-de-netflix-a-igualar-la-oferta\/","title":{"rendered":"Paramount gana la guerra por Warner Bros. tras la renuncia de Netflix a igualar la oferta"},"content":{"rendered":"<div class=\"postie-post\">\n<div dir=\"ltr\">\n<div>Despu\u00e9s de una hist\u00f3rica batalla que ha durado tres meses, Paramount Skydance est\u00e1 a un paso de hacerse con los hist\u00f3ricos estudios cinematogr\u00e1ficos de <a href=\"https:\/\/urldefense.com\/v3\/__https:\/\/elpais.com\/noticias\/warner-bros-entertainment\/__;!!D9dNQwwGXtA!Q1pVQUPK8Yirn_DtfJRY7IMZzf0neW8lr8dmKbnmt-Qluo2QJJ4AjBM51BazCNcXolKXTi6McaUkIdzB$\" title=\"https:\/\/elpais.com\/noticias\/warner-bros-entertainment\/\" target=\"_blank\" rel=\"noopener\">Warner Bros Discovery<\/a> tras la <a href=\"https:\/\/urldefense.com\/v3\/__https:\/\/ir.netflix.net\/investor-news-and-events\/financial-releases\/press-release-details\/2026\/Netflix-Declines-to-Raise-Offer-for-Warner-Bros-\/default.aspx__;!!D9dNQwwGXtA!Q1pVQUPK8Yirn_DtfJRY7IMZzf0neW8lr8dmKbnmt-Qluo2QJJ4AjBM51BazCNcXolKXTi6McUJss0je$\" title=\"https:\/\/ir.netflix.net\/investor-news-and-events\/financial-releases\/press-release-details\/2026\/Netflix-Declines-to-Raise-Offer-for-Warner-Bros-\/default.aspx\" target=\"_blank\" rel=\"noopener\">renuncia de Netflix<\/a> a mejorar su oferta.<\/div>\n<div class=\"gmail_quote gmail_quote_container\">\n<div>\n<p>\u201cSiempre hemos sido disciplinados, y al precio requerido para igualar la \u00faltima oferta de Paramount Skydance, el acuerdo ya no es financieramente atractivo, por lo que declinamos igualar la oferta de Paramount Skydance\u201d, han se\u00f1alado los dos ejecutivos que dirigen Netflix al alim\u00f3n, Ted Sarandos y Greg Peters.<\/p>\n<p>La reacci\u00f3n de los ejecutivos del grupo de streaming se produce despu\u00e9s de que <a href=\"https:\/\/urldefense.com\/v3\/__https:\/\/elpais.com\/economia\/2026-02-25\/warner-reconsidera-por-primera-vez-la-oferta-de-paramount.html__;!!D9dNQwwGXtA!Q1pVQUPK8Yirn_DtfJRY7IMZzf0neW8lr8dmKbnmt-Qluo2QJJ4AjBM51BazCNcXolKXTi6McQ1tk7tu$\" title=\"https:\/\/elpais.com\/economia\/2026-02-25\/warner-reconsidera-por-primera-vez-la-oferta-de-paramount.html\" target=\"_blank\" rel=\"noopener\">Warner anunciaran este jueves que la \u00faltima propuesta de Paramount<\/a> es superior a las condicones acordadas con Netflix, lo que le permite al grupo con sede en Burbank <a href=\"https:\/\/urldefense.com\/v3\/__https:\/\/elpais.com\/economia\/2026-02-24\/paramount-mejora-su-oferta-por-warner-bros.html__;!!D9dNQwwGXtA!Q1pVQUPK8Yirn_DtfJRY7IMZzf0neW8lr8dmKbnmt-Qluo2QJJ4AjBM51BazCNcXolKXTi6McffwDk9q$\" title=\"https:\/\/elpais.com\/economia\/2026-02-24\/paramount-mejora-su-oferta-por-warner-bros.html\" target=\"_blank\" rel=\"noopener\">romper el preacuerdo para negociar<\/a> directamente con Paramount.<\/p>\n<p>\u201cWarner Bros. Discovery, anunci\u00f3 hoy que su Junta Directiva, despu\u00e9s de consultar con sus asesores financieros y legales independientes, ha determinado que la propuesta previamente divulgada de Paramount Skydance constituye una \u201cPropuesta Superior de la Compa\u00f1\u00eda\u201d seg\u00fan se define en el acuerdo de fusi\u00f3n con Netflix\u201d, ha se\u00f1alado el grupo dirigido por David Zaslav a trav\u00e9s de un comunicado. Al calificar la oferta de Paramount mejor se abr\u00eda un periodo para que Netflix pudiera igualarla o superarla, pero los ejecutivos del grupo de streaming, propietario de t\u00edtulos como <i>La Casa de Papel<\/i> o <i>El Juego del Calamar<\/i>, rechazan seguir en la puja. \u201cEsta transacci\u00f3n siempre fue una buena oportunidad al precio justo, no una imprescindible a cualquier precio, remarcan en Netflix, que lamentan que el acuerdo se haya malogrado.<\/p>\n<p>La \u00faltima oferta presentada por Paramount, propiedad de la familia Ellison, los multimillonarios due\u00f1os del gigante tecnol\u00f3gico Oracle y amigos de Donald Trump, ha desencadenado el cambio de opini\u00f3n de Warner, que hasta este lunes apoyaban sin fisuras a Netflix. Pero los Ellison ofrecieron un precio muy superior: 31 d\u00f3lares por cada t\u00edtulo de Warner, m\u00e1s una tarifa adicional de <i>ticking <\/i>diaria de 0,25 d\u00f3lares por cada trimestre que pase sin que se aprueba la operaci\u00f3n a partir del 30 de septiembre de 2026. Adem\u00e1s, incluye una tarifa de rescisi\u00f3n regulatoria de 7.000 millones en caso de que se frustre la operaci\u00f3n por temas de competencia o regulatorios, m\u00e1s un monto de 2.800 millones para pagar la indemnizaci\u00f3n por romper el acuerdo de fusi\u00f3n existente de Netflix. La oferta tambi\u00e9n cuenta con un aval de 40.000 millones del patrimonio personal de Larry Ellison, el segundo hombre m\u00e1s rico del mundo.<\/p>\n<\/p><\/div>\n<p>via ElPa\u00eds-Econom\u00eda <a href=\"https:\/\/urldefense.com\/v3\/__https:\/\/elpais.com__;!!D9dNQwwGXtA!Q1pVQUPK8Yirn_DtfJRY7IMZzf0neW8lr8dmKbnmt-Qluo2QJJ4AjBM51BazCNcXolKXTi6Mca7Jlr4x$\" target=\"_blank\" rel=\"noopener\">https:\/\/elpais.com<\/a><\/p>\n<p> February 27, 2026 at 12:46AM <\/p><\/div>\n<\/div>\n<div class=\"postie-attachments\"><a href=\"https:\/\/empresaperiodistica.umh.es\/?attachment_id=814\"><img loading=\"lazy\" src=\"https:\/\/empresaperiodistica.umh.es\/files\/2026\/02\/oyeuegooafdy7ixnl2cprplkwy.jpgauth026869596e24f7ec897c2a4728973ee46cce1647eec1fe0beeffa4306519d81c-300x197.jpg\" alt=\"\" width=\"300px\" height=\"197px\" class=\"alignnone size-medium wp-image-814\" srcset=\"https:\/\/empresaperiodistica.umh.es\/files\/2026\/02\/oyeuegooafdy7ixnl2cprplkwy.jpgauth026869596e24f7ec897c2a4728973ee46cce1647eec1fe0beeffa4306519d81c-300x197.jpg 300w, https:\/\/empresaperiodistica.umh.es\/files\/2026\/02\/oyeuegooafdy7ixnl2cprplkwy.jpgauth026869596e24f7ec897c2a4728973ee46cce1647eec1fe0beeffa4306519d81c-1024x673.jpg 1024w, https:\/\/empresaperiodistica.umh.es\/files\/2026\/02\/oyeuegooafdy7ixnl2cprplkwy.jpgauth026869596e24f7ec897c2a4728973ee46cce1647eec1fe0beeffa4306519d81c-768x505.jpg 768w, https:\/\/empresaperiodistica.umh.es\/files\/2026\/02\/oyeuegooafdy7ixnl2cprplkwy.jpgauth026869596e24f7ec897c2a4728973ee46cce1647eec1fe0beeffa4306519d81c-1536x1009.jpg 1536w, https:\/\/empresaperiodistica.umh.es\/files\/2026\/02\/oyeuegooafdy7ixnl2cprplkwy.jpgauth026869596e24f7ec897c2a4728973ee46cce1647eec1fe0beeffa4306519d81c-2048x1345.jpg 2048w\" sizes=\"(max-width: 300px) 100vw, 300px\" \/><\/a><\/div>\n<\/div>\n","protected":false},"excerpt":{"rendered":"<p>Despu\u00e9s de una hist\u00f3rica batalla que ha durado tres meses, Paramount Skydance est\u00e1 a un paso de hacerse con los hist\u00f3ricos estudios cinematogr\u00e1ficos de Warner Bros Discovery tras la renuncia de Netflix a mejorar su oferta.<\/p>\n<p>\u201cSiempre hemos sido disciplinados, y al precio requerido para igualar la \u00faltima oferta de Paramount Skydance, el acuerdo ya no [&#8230;]<\/p>\n","protected":false},"author":1,"featured_media":0,"comment_status":"closed","ping_status":"open","sticky":false,"template":"","format":"standard","meta":{"_links_to":"","_links_to_target":""},"categories":[3372,1393805,1393463],"tags":[1393217],"_links":{"self":[{"href":"https:\/\/empresaperiodistica.umh.es\/en\/wp-json\/wp\/v2\/posts\/811"}],"collection":[{"href":"https:\/\/empresaperiodistica.umh.es\/en\/wp-json\/wp\/v2\/posts"}],"about":[{"href":"https:\/\/empresaperiodistica.umh.es\/en\/wp-json\/wp\/v2\/types\/post"}],"author":[{"embeddable":true,"href":"https:\/\/empresaperiodistica.umh.es\/en\/wp-json\/wp\/v2\/users\/1"}],"replies":[{"embeddable":true,"href":"https:\/\/empresaperiodistica.umh.es\/en\/wp-json\/wp\/v2\/comments?post=811"}],"version-history":[{"count":0,"href":"https:\/\/empresaperiodistica.umh.es\/en\/wp-json\/wp\/v2\/posts\/811\/revisions"}],"wp:attachment":[{"href":"https:\/\/empresaperiodistica.umh.es\/en\/wp-json\/wp\/v2\/media?parent=811"}],"wp:term":[{"taxonomy":"category","embeddable":true,"href":"https:\/\/empresaperiodistica.umh.es\/en\/wp-json\/wp\/v2\/categories?post=811"},{"taxonomy":"post_tag","embeddable":true,"href":"https:\/\/empresaperiodistica.umh.es\/en\/wp-json\/wp\/v2\/tags?post=811"}],"curies":[{"name":"wp","href":"https:\/\/api.w.org\/{rel}","templated":true}]}}