{"id":827,"date":"2026-02-27T09:46:49","date_gmt":"2026-02-27T08:46:49","guid":{"rendered":"https:\/\/empresaperiodistica.umh.es\/?p=827"},"modified":"2026-02-27T14:01:27","modified_gmt":"2026-02-27T13:01:27","slug":"el-muro-de-pago-de-el-pais-ya-factura-26-millones-de-euros-al-ano","status":"publish","type":"post","link":"https:\/\/empresaperiodistica.umh.es\/en\/2026\/02\/27\/el-muro-de-pago-de-el-pais-ya-factura-26-millones-de-euros-al-ano\/","title":{"rendered":"El muro de pago de EL PA\u00cdS ya factura 26 millones de euros al a\u00f1o"},"content":{"rendered":"<div class=\"postie-post\">\n<div dir=\"ltr\">\n<div>Los resultados anuales del 2025 del <strong>grupo PRISA<\/strong> confirman el dato. El <strong>muro de pago<\/strong> de <strong>EL PA\u00cdS<\/strong> factura ya 26 millones de euros al a\u00f1o.<\/div>\n<div class=\"gmail_quote gmail_quote_container\"> <img loading=\"lazy\" src=\"https:\/\/www.reddeperiodistas.com\/wp-content\/uploads\/2023\/04\/prisa-rompe-mercado-con-ofertas-derribo-el-pais.jpg\" width=\"1200\" alt=\"EL PA\u00cdS desploma su tr\u00e1fico m\u00e1s del 20% en seis meses\" height=\"740\" style=\"max-width:100%\">EL PA\u00cdS factur\u00f3 26 millones de euros con su muro de pago en 2025.  <\/p>\n<blockquote>\n<p>\u00abEL PA\u00cdS ha alcanzado un total de <strong>451.304 suscriptores a diciembre de 2025<\/strong>, un crecimiento del 12%. Los <strong>suscriptores digitales, que ascienden a 442.092 <\/strong>han crecido un 13% respecto a diciembre 2024, y la <strong>tasa de bajas<\/strong> se ha situado en un 2,1% en 2025 (frente al 4,2% del mercado en el tercer trimestre de 2025\u2033, indic\u00f3 la editora en su rendici\u00f3n de cuentas anuales.<\/p>\n<\/blockquote>\n<p>As\u00ed, con estas cifras, <strong>el muro de pago de EL PA\u00cdS ingres\u00f3 26 millones de euros<\/strong> a cierre de 2025, lo que supone una alza del 16%, respecto al ejercicio anterior, seg\u00fan inform\u00f3 en sus resultados el grupo PRISA.<\/p>\n<p>As\u00ed, PRISA Media, la divisi\u00f3n medi\u00e1tica de la editora, sell\u00f3 para el peri\u00f3dico generalista, dirigido por <strong><a href=\"https:\/\/urldefense.com\/v3\/__https:\/\/www.reddeperiodistas.com\/el-director-de-el-pais-ordena-liderar-gfk-dam-quiere-ser-el-periodico-mas-leido-no-solo-comandar-los-muros-de-pago\/__;!!D9dNQwwGXtA!QEmPbMyF1UZXx1QZt_j7RX5x5uXyb4vGCDaVRbvKU1SEsKBTLMvf7ucqbqzpGl302JOvY1diItXGdH6X$\" target=\"_blank\" rel=\"noopener\">Jan Mart\u00ednez Ahrens<\/a><\/strong>, un total de 16.137 altas netas en suscripciones digitales de octubre a diciembre, \u00absiendo el trimestre con mayor ritmo de captaci\u00f3n en el a\u00f1o en curso\u00bb.<\/p>\n<div>\n<blockquote><p><a href=\"https:\/\/urldefense.com\/v3\/__https:\/\/www.reddeperiodistas.com\/el-ranking-de-suscriptores-de-medios-con-muros-de-pago\/__;!!D9dNQwwGXtA!QEmPbMyF1UZXx1QZt_j7RX5x5uXyb4vGCDaVRbvKU1SEsKBTLMvf7ucqbqzpGl302JOvY1diIj1C8zeR$\" target=\"_blank\" rel=\"noopener\">El ranking de suscriptores de medios con muros de pago (actualizado a febrero de 2026)<\/a><\/p><\/blockquote>\n<\/div>\n<h2>Los ingresos del muro de pago de EL PA\u00cdS podr\u00edan superar a los de la venta de ejemplares de PRISA<\/h2>\n<p>Los ingresos de circulaci\u00f3n (venta de ejemplares impresos de todas las cabeceras del grupo: EL PA\u00cdS, AS, CINCO D\u00cdAS, etc.) se situaron en 33 millones de euros, con un descenso interanual del 7%.<\/p>\n<p>De esta manera, a este ritmo de captaci\u00f3n de suscripciones digitales anuales, y con la sangr\u00eda de ingresos circulaci\u00f3n en quioscos, <strong>PRISA Media<\/strong> podr\u00eda lograr en 2026 que la facturaci\u00f3n del muro de pago de EL PA\u00cdS supere a la partida de venta de ejemplares impresos de todo el grupo.<\/p>\n<h2>El grupo PRISA (Santillana y Media) duplica p\u00e9rdidas en 2025<\/h2>\n<p>El grupo PRISA duplic\u00f3 p\u00e9rdidas en 2025, hasta los 27 millones de euros, por el gasto en las reorganizaciones de Santillana y Media junto al efecto cambiario negativo.<\/p>\n<p>Los ingresos de la editora de <strong>Cadena SER<\/strong> o <strong>El PA\u00cdS<\/strong> alcanzaron 904 millones, un 2% menos que en 2024. Su EBITDA registr\u00f3 163 millones de euros, una ca\u00edda del 12%, respecto al ejercicio anterior.<\/p>\n<p>La deuda neta del grupo se sit\u00faa en los 757 millones, un incremento del 1% respecto a 2024, mientras que la liquidez del grupo asciende a 218 millones de euros. <\/p>\n<h2>PRISA Media logra ingresos planos en publicidad<\/h2>\n<p>PRISA Media cerr\u00f3 2025 con ingresos de explotaci\u00f3n de 438 millones de euros, un 1% menos. Los aspectos positivos, seg\u00fan la editora, fueron el crecimiento de la publicidad, el buen desempe\u00f1o de las suscripciones digitales de EL PA\u00cdS y la venta de activos no estrat\u00e9gicos en Colombia.<\/p>\n<p>Sin embargo, estos avances se vieron parcialmente contrarrestados por menores ingresos de acuerdos con plataformas digitales y menor actividad audiovisual.<\/p>\n<p>Los ingresos digitales mantienen un peso significativo, representando el 28% del total (44% en circulaci\u00f3n). La publicidad, que supone el 77% de los ingresos, creci\u00f3 un 1% hasta los 338 millones de euros pese a un entorno complejo, especialmente en Am\u00e9rica Latina, y a la dif\u00edcil comparativa con 2024, a\u00f1o marcado por la Eurocopa y los Juegos Ol\u00edmpicos. <\/p>\n<p>Espa\u00f1a destac\u00f3 con una mejora de cuota de mercado (+0,2 puntos), impulsada por el crecimiento en el segmento de la radio (+3%), comunic\u00f3 PRISA.<\/p>\n<hr>\n<p>via RedDePeriodistas <a href=\"https:\/\/urldefense.com\/v3\/__https:\/\/ift.tt\/ENHlxRY__;!!D9dNQwwGXtA!QEmPbMyF1UZXx1QZt_j7RX5x5uXyb4vGCDaVRbvKU1SEsKBTLMvf7ucqbqzpGl302JOvY1diIlhVzRLJ$\" target=\"_blank\" rel=\"noopener\">https:\/\/ift.tt\/ENHlxRY<\/a><\/p>\n<p> February 25, 2026 at 08:14AM <\/div>\n<\/div>\n<div class=\"postie-attachments\"><a href=\"https:\/\/empresaperiodistica.umh.es\/?attachment_id=830\"><img loading=\"lazy\" src=\"https:\/\/empresaperiodistica.umh.es\/files\/2026\/02\/prisa-rompe-mercado-con-ofertas-derribo-el-pais-300x185.jpg\" alt=\"\" width=\"300px\" height=\"185px\" class=\"alignnone size-medium wp-image-830\" srcset=\"https:\/\/empresaperiodistica.umh.es\/files\/2026\/02\/prisa-rompe-mercado-con-ofertas-derribo-el-pais-300x185.jpg 300w, https:\/\/empresaperiodistica.umh.es\/files\/2026\/02\/prisa-rompe-mercado-con-ofertas-derribo-el-pais-1024x631.jpg 1024w, https:\/\/empresaperiodistica.umh.es\/files\/2026\/02\/prisa-rompe-mercado-con-ofertas-derribo-el-pais-768x474.jpg 768w, https:\/\/empresaperiodistica.umh.es\/files\/2026\/02\/prisa-rompe-mercado-con-ofertas-derribo-el-pais.jpg 1200w\" sizes=\"(max-width: 300px) 100vw, 300px\" \/><\/a><\/div>\n<\/div>\n","protected":false},"excerpt":{"rendered":"<p>Los resultados anuales del 2025 del grupo PRISA confirman el dato. El muro de pago de EL PA\u00cdS factura ya 26 millones de euros al a\u00f1o.<br \/>\n EL PA\u00cdS factur\u00f3 26 millones de euros con su muro de pago en 2025.  <\/p>\n<p>\u00abEL PA\u00cdS ha alcanzado un total de 451.304 suscriptores a diciembre de 2025, un [&#8230;]<\/p>\n","protected":false},"author":1,"featured_media":0,"comment_status":"closed","ping_status":"open","sticky":false,"template":"","format":"standard","meta":{"_links_to":"","_links_to_target":""},"categories":[585,50986],"tags":[1393217],"_links":{"self":[{"href":"https:\/\/empresaperiodistica.umh.es\/en\/wp-json\/wp\/v2\/posts\/827"}],"collection":[{"href":"https:\/\/empresaperiodistica.umh.es\/en\/wp-json\/wp\/v2\/posts"}],"about":[{"href":"https:\/\/empresaperiodistica.umh.es\/en\/wp-json\/wp\/v2\/types\/post"}],"author":[{"embeddable":true,"href":"https:\/\/empresaperiodistica.umh.es\/en\/wp-json\/wp\/v2\/users\/1"}],"replies":[{"embeddable":true,"href":"https:\/\/empresaperiodistica.umh.es\/en\/wp-json\/wp\/v2\/comments?post=827"}],"version-history":[{"count":0,"href":"https:\/\/empresaperiodistica.umh.es\/en\/wp-json\/wp\/v2\/posts\/827\/revisions"}],"wp:attachment":[{"href":"https:\/\/empresaperiodistica.umh.es\/en\/wp-json\/wp\/v2\/media?parent=827"}],"wp:term":[{"taxonomy":"category","embeddable":true,"href":"https:\/\/empresaperiodistica.umh.es\/en\/wp-json\/wp\/v2\/categories?post=827"},{"taxonomy":"post_tag","embeddable":true,"href":"https:\/\/empresaperiodistica.umh.es\/en\/wp-json\/wp\/v2\/tags?post=827"}],"curies":[{"name":"wp","href":"https:\/\/api.w.org\/{rel}","templated":true}]}}