{"id":841,"date":"2026-03-06T06:44:11","date_gmt":"2026-03-06T05:44:11","guid":{"rendered":"https:\/\/empresaperiodistica.umh.es\/?p=841"},"modified":"2026-03-06T06:47:08","modified_gmt":"2026-03-06T05:47:08","slug":"kantar-media-pasa-a-llamarse-fifty5blue","status":"publish","type":"post","link":"https:\/\/empresaperiodistica.umh.es\/en\/2026\/03\/06\/kantar-media-pasa-a-llamarse-fifty5blue\/","title":{"rendered":"Kantar Media pasa a llamarse Fifty5Blue"},"content":{"rendered":"<div class=\"postie-post\">\n<div dir=\"ltr\">\n<div>El referente global en an\u00e1lisis de consumo televisivo y publicitario ha anunciado su <strong>nueva identidad corporativa<\/strong> de forma oficial. Este cambio de nombre supone un paso decisivo tras la <strong>desvinculaci\u00f3n de la compa\u00f1\u00eda del antiguo Grupo Kantar<\/strong>. La operaci\u00f3n se completa meses despu\u00e9s de su adquisici\u00f3n por parte de la <strong>firma H.I.G. Capital<\/strong> durante el pasado agosto de 2025. Con este movimiento, la entidad busca proyectar una imagen renovada y adaptada a los desaf\u00edos actuales del entorno digital.<\/div>\n<div class=\"gmail_quote gmail_quote_container\">\n<p>La nueva marca nace con el objetivo de<strong> simplificar un ecosistema de medios<\/strong> marcado por la fragmentaci\u00f3n extrema de los contenidos. Explican que, e un escenario donde los datos abundan pero la precisi\u00f3n escasea, la organizaci\u00f3n se posiciona como un<strong> aliado cr\u00edtico para los directores de comunicaci\u00f3n<\/strong>. El reto principal consiste en ayudar a anunciantes y agencias a optimizar sus inversiones en publicidad. La claridad se convierte as\u00ed en el eje central de esta etapa que ahora comienza bajo una nueva denominaci\u00f3n.<\/p>\n<h4>Una apuesta firme por la independencia y el rigor<\/h4>\n<p>El consejero delegado global de la firma ha querido destacar la ambici\u00f3n que acompa\u00f1a a este lanzamiento internacional. \u201cHoy damos un paso adelante como Fifty5Blue con la mirada puesta en el futuro\u201d, ha afirmado <strong>Patrick B\u00e9har<\/strong>, Global CEO de la compa\u00f1\u00eda. El directivo sostiene que su papel fundamental es eliminar la complejidad innecesaria en el an\u00e1lisis de datos masivos. Seg\u00fan B\u00e9har, el<strong> rigor metodol\u00f3gico<\/strong> sigue siendo el factor diferencial que permitir\u00e1 a sus clientes tomar decisiones estrat\u00e9gicas con total seguridad.<\/p>\n<p>La transformaci\u00f3n de la empresa no ha sido \u00fanicamente est\u00e9tica, sino que ha implicado una <strong>profunda renovaci\u00f3n estructural interna<\/strong>. Durante el \u00faltimo a\u00f1o de gesti\u00f3n independiente, la entidad ha incrementado su inversi\u00f3n en talento especializado y tecnolog\u00eda de vanguardia. Esta autonom\u00eda financiera ha permitido acelerar la firma de alianzas estrat\u00e9gicas con plataformas globales de entretenimiento. La libertad operativa actual facilita un enfoque a largo plazo que refuerza los valores de transparencia que siempre han definido a sus soluciones.<\/p>\n<h4>Medici\u00f3n h\u00edbrida y el papel de la inteligencia artificial<\/h4>\n<p>La metodolog\u00eda de trabajo continuar\u00e1 evolucionando hacia<strong> soluciones h\u00edbridas<\/strong> que combinan paneles de alta calidad con el<strong> potencial del big data<\/strong>. Esta combinaci\u00f3n permite obtener un nivel de detalle sin precedentes sobre el comportamiento real de los espectadores. La escala de los datos masivos se equilibra con la precisi\u00f3n de la<strong> observaci\u00f3n directa en hogares seleccionados<\/strong>. De esta forma, la compa\u00f1\u00eda garantiza una visi\u00f3n 360 grados del funnel publicitario para todas las partes interesadas.<\/p>\n<p>La <strong>inteligencia artificial<\/strong> juega un papel protagonista en esta nueva generaci\u00f3n de herramientas de an\u00e1lisis en tiempo real. La implementaci\u00f3n de algoritmos avanzados facilita a los socios el procesamiento de sus propios datos con una velocidad superior. \u201cLa IA refuerza de manera fundamental la importancia de nuestros datos basados en personas reales\u201d, ha se\u00f1alado Patrick B\u00e9har en su intervenci\u00f3n. La <strong>tecnolog\u00eda<\/strong> act\u00faa como un<strong> multiplicador de valor<\/strong> que permite predecir tendencias de consumo con una fiabilidad mucho m\u00e1s elevada.<\/p>\n<h4>Pilares consolidados bajo una identidad visual renovada<\/h4>\n<p>A pesar del cambio de nombre, los productos estrella de la organizaci\u00f3n mantendr\u00e1n su presencia y relevancia dentro del mercado. Marcas tan asentadas en la industria como<strong> Ibope, TGI y TechEdge<\/strong> seguir\u00e1n operando como pilares fundamentales del porfolio. Estas soluciones continuar\u00e1n evolucionando para integrarse de forma fluida en la nueva arquitectura de marca global. Los clientes habituales podr\u00e1n seguir confiando en las herramientas que han liderado el sector durante las \u00faltimas d\u00e9cadas.<\/p>\n<p>La nueva identidad visual refleja conceptos de enfoque y confianza, elementos esenciales para un medidor independiente de audiencias. La compa\u00f1\u00eda sigue prestando servicio a cadenas de televisi\u00f3n y plataformas de todo el mundo con la misma solvencia de siempre.<\/p>\n<p>Kantar Media presta servicios de monitoreo de medios en 80 pa\u00edses. En Espa\u00f1a lo hace desde hace 30 a\u00f1os desde sus oficinas en Madrid. El CEO de la compa\u00f1\u00eda para las Am\u00e9ricas y Espa\u00f1a es <strong>Antonio Wanderley<\/strong>.<\/p>\n<p><\/p>\n<p> via INFOPERIODISTAS <a href=\"https:\/\/urldefense.com\/v3\/__https:\/\/ift.tt\/v9NeMoL__;!!D9dNQwwGXtA!R16zlRiZlBspox2NDwy_hV-vt29PeHeo6COeLGtb7-CHbyp6V2aSImX0ePRRzYUk1jgeOYsE-K045DJK$\" target=\"_blank\" rel=\"noopener\">https:\/\/ift.tt\/v9NeMoL<\/a><\/p>\n<p> March 2, 2026 at 03:54AM <\/p><\/div>\n<\/div>\n<div class=\"postie-attachments\"><a href=\"https:\/\/empresaperiodistica.umh.es\/?attachment_id=844\"><img loading=\"lazy\" src=\"https:\/\/empresaperiodistica.umh.es\/files\/2026\/03\/55blue-300x158.png\" alt=\"\" width=\"300px\" height=\"158px\" class=\"alignnone size-medium wp-image-844\" srcset=\"https:\/\/empresaperiodistica.umh.es\/files\/2026\/03\/55blue-300x158.png 300w, https:\/\/empresaperiodistica.umh.es\/files\/2026\/03\/55blue.png 310w\" sizes=\"(max-width: 300px) 100vw, 300px\" \/><\/a><\/div>\n<\/div>\n","protected":false},"excerpt":{"rendered":"<p>El referente global en an\u00e1lisis de consumo televisivo y publicitario ha anunciado su nueva identidad corporativa de forma oficial. Este cambio de nombre supone un paso decisivo tras la desvinculaci\u00f3n de la compa\u00f1\u00eda del antiguo Grupo Kantar. La operaci\u00f3n se completa meses despu\u00e9s de su adquisici\u00f3n por parte de la firma H.I.G. Capital durante el [&#8230;]<\/p>\n","protected":false},"author":1,"featured_media":0,"comment_status":"closed","ping_status":"open","sticky":false,"template":"","format":"standard","meta":{"_links_to":"","_links_to_target":""},"categories":[41626],"tags":[1393217],"_links":{"self":[{"href":"https:\/\/empresaperiodistica.umh.es\/en\/wp-json\/wp\/v2\/posts\/841"}],"collection":[{"href":"https:\/\/empresaperiodistica.umh.es\/en\/wp-json\/wp\/v2\/posts"}],"about":[{"href":"https:\/\/empresaperiodistica.umh.es\/en\/wp-json\/wp\/v2\/types\/post"}],"author":[{"embeddable":true,"href":"https:\/\/empresaperiodistica.umh.es\/en\/wp-json\/wp\/v2\/users\/1"}],"replies":[{"embeddable":true,"href":"https:\/\/empresaperiodistica.umh.es\/en\/wp-json\/wp\/v2\/comments?post=841"}],"version-history":[{"count":0,"href":"https:\/\/empresaperiodistica.umh.es\/en\/wp-json\/wp\/v2\/posts\/841\/revisions"}],"wp:attachment":[{"href":"https:\/\/empresaperiodistica.umh.es\/en\/wp-json\/wp\/v2\/media?parent=841"}],"wp:term":[{"taxonomy":"category","embeddable":true,"href":"https:\/\/empresaperiodistica.umh.es\/en\/wp-json\/wp\/v2\/categories?post=841"},{"taxonomy":"post_tag","embeddable":true,"href":"https:\/\/empresaperiodistica.umh.es\/en\/wp-json\/wp\/v2\/tags?post=841"}],"curies":[{"name":"wp","href":"https:\/\/api.w.org\/{rel}","templated":true}]}}